{"id":129719,"date":"2025-06-10T15:44:04","date_gmt":"2025-06-10T18:44:04","guid":{"rendered":"https:\/\/www.actualidadadiario.com\/?p=129719"},"modified":"2025-06-10T15:44:04","modified_gmt":"2025-06-10T18:44:04","slug":"cristina-hablo-con-massa-y-espera-el-fallo-de-la-corte-reunida-con-senadores-en-el-pj","status":"publish","type":"post","link":"https:\/\/www.actualidadadiario.com\/index.php\/2025\/06\/10\/cristina-hablo-con-massa-y-espera-el-fallo-de-la-corte-reunida-con-senadores-en-el-pj\/","title":{"rendered":"Cristina habl\u00f3 con Massa y espera el fallo de la Corte reunida con senadores en el PJ"},"content":{"rendered":"<p style=\"text-align: center;\"><em><strong>La expresidenta descuenta que la condena quedar\u00e1 firme. Los gremios se re\u00fanen de urgencia y se declaran en estado de alerta y movilizaci\u00f3n<\/strong><\/em><\/p>\n<p>&nbsp;<\/p>\n<p>&nbsp;<\/p>\n<p>Cristina Kirchner cit\u00f3 de urgencia a su bloque de senadores nacionales en la sede del Partido Justicialista, tras conocerse la convocatoria de la Corte Suprema a fallar esta tarde en la causa Vialidad.<\/p>\n<p>La expresidenta sigue moviendo piezas ante la posibilidad muy concreta de que el m\u00e1ximo tribunal deje firme la condena a seis a\u00f1os de prisi\u00f3n e inhabilitaci\u00f3n perpetua, lo que la deja afuera de la contienda electoral.<\/p>\n<p>El lunes por la noche, despu\u00e9s del acto en el PJ, Cristina habl\u00f3 por tel\u00e9fono con Sergio Massa y se espera un pronunciamiento institucional del Frente Renovador en apoyo a la expresidenta. El tigrense hab\u00eda mandado a una comitiva al acto y ahora se habla de un encuentro de autoridades de ambos partidos.<\/p>\n<p>La reuni\u00f3n con los senadores es una jugada de Cristina para preparar los pr\u00f3ximos pasos en el espacio de poder m\u00e1s fuerte que le queda y desde donde el kirchnerismo viene trabajando proyectos para marcarle la cancha a la Corte.<\/p>\n<p>En el kirchnerismo dan por hecho que la Corte mandar\u00e1 a Cristina a prisi\u00f3n y la propia expresidenta ya plante\u00f3 la necesidad de debatir qui\u00e9n encabezar\u00e1 la lista de la Tercera. Seg\u00fan supo LPO, en una reuni\u00f3n el jueves pasado con intendentes Cristina les dijo: &#8220;vayan pensando qui\u00e9n va segundo, porque es posible que yo no pueda ser candidata&#8221;.<\/p>\n<p>Mientras tanto, gremios afines a la expresidenta convocaron para esta tarde a las 16 horas a una reuni\u00f3n en la sede porte\u00f1a de Smata y se declararon en estado de alerta y movilizaci\u00f3n. Adem\u00e1s de Smata, convocaron Bancarios, la UOM, Luz y Fuerza, entre otros.<\/p>\n<p>En tanto, la CGT emiti\u00f3 un comunicado en el que expresa &#8220;solidaridad y apoyo incondicional&#8221; a Cristina. &#8220;La persecuci\u00f3n a los candidatos confirma que la proscripci\u00f3n electoral es una condici\u00f3n necesaria para imponer un modelo econ\u00f3mico y social de desigualdad, fragmentaci\u00f3n y empobrecimiento de las mayor\u00edas&#8221;, sostiene.<\/p>\n","protected":false},"excerpt":{"rendered":"<p>La expresidenta descuenta que la condena quedar\u00e1 firme. Los gremios se re\u00fanen de urgencia y se declaran en estado de alerta y movilizaci\u00f3n &nbsp; &nbsp; Cristina Kirchner cit\u00f3 de urgencia a su bloque de senadores nacionales en la sede del Partido Justicialista, tras conocerse la convocatoria de la Corte Suprema a fallar esta tarde en la causa Vialidad. La expresidenta sigue moviendo piezas ante la posibilidad muy concreta de que el m\u00e1ximo tribunal deje firme la condena a seis a\u00f1os de prisi\u00f3n e inhabilitaci\u00f3n perpetua, lo que la deja afuera&#8230;<\/p>\n","protected":false},"author":3,"featured_media":129720,"comment_status":"closed","ping_status":"closed","sticky":false,"template":"","format":"standard","meta":[],"categories":[18],"tags":[],"_links":{"self":[{"href":"https:\/\/www.actualidadadiario.com\/index.php\/wp-json\/wp\/v2\/posts\/129719"}],"collection":[{"href":"https:\/\/www.actualidadadiario.com\/index.php\/wp-json\/wp\/v2\/posts"}],"about":[{"href":"https:\/\/www.actualidadadiario.com\/index.php\/wp-json\/wp\/v2\/types\/post"}],"author":[{"embeddable":true,"href":"https:\/\/www.actualidadadiario.com\/index.php\/wp-json\/wp\/v2\/users\/3"}],"replies":[{"embeddable":true,"href":"https:\/\/www.actualidadadiario.com\/index.php\/wp-json\/wp\/v2\/comments?post=129719"}],"version-history":[{"count":1,"href":"https:\/\/www.actualidadadiario.com\/index.php\/wp-json\/wp\/v2\/posts\/129719\/revisions"}],"predecessor-version":[{"id":129721,"href":"https:\/\/www.actualidadadiario.com\/index.php\/wp-json\/wp\/v2\/posts\/129719\/revisions\/129721"}],"wp:featuredmedia":[{"embeddable":true,"href":"https:\/\/www.actualidadadiario.com\/index.php\/wp-json\/wp\/v2\/media\/129720"}],"wp:attachment":[{"href":"https:\/\/www.actualidadadiario.com\/index.php\/wp-json\/wp\/v2\/media?parent=129719"}],"wp:term":[{"taxonomy":"category","embeddable":true,"href":"https:\/\/www.actualidadadiario.com\/index.php\/wp-json\/wp\/v2\/categories?post=129719"},{"taxonomy":"post_tag","embeddable":true,"href":"https:\/\/www.actualidadadiario.com\/index.php\/wp-json\/wp\/v2\/tags?post=129719"}],"curies":[{"name":"wp","href":"https:\/\/api.w.org\/{rel}","templated":true}]}}