{"id":129713,"date":"2025-06-10T15:33:59","date_gmt":"2025-06-10T18:33:59","guid":{"rendered":"https:\/\/www.actualidadadiario.com\/?p=129713"},"modified":"2025-06-10T15:33:59","modified_gmt":"2025-06-10T18:33:59","slug":"la-comision-investigadora-libra-vuelve-a-reunirse-sin-presidente-ni-expectativas","status":"publish","type":"post","link":"https:\/\/www.actualidadadiario.com\/index.php\/2025\/06\/10\/la-comision-investigadora-libra-vuelve-a-reunirse-sin-presidente-ni-expectativas\/","title":{"rendered":"La Comisi\u00f3n Investigadora $LIBRA vuelve a reunirse\u2026 sin presidente ni expectativas"},"content":{"rendered":"<p style=\"text-align: center;\"><em><strong>Pese a la atenci\u00f3n que genera el encuentro, reina el escepticismo: nadie espera que se destrabe el conflicto. La oposici\u00f3n insiste en que el pleno deber\u00eda resolverlo, pero Mart\u00edn Menem se mantiene firme en que la soluci\u00f3n debe surgir desde la propia comisi\u00f3n<\/strong><\/em><\/p>\n<p>&nbsp;<\/p>\n<p>&nbsp;<\/p>\n<p>Gran atenci\u00f3n ha concitado la reuni\u00f3n convocada para este martes a las 16 de la Comisi\u00f3n Investigadora de la Criptomoneda $LIBRA, m\u00e1s no demasiada expectativa por lo que pueda suceder all\u00ed. Mucha atenci\u00f3n, porque se espera saber c\u00f3mo se las arreglan finalmente los diputados para resolver el intr\u00edngulis en el que se encuentran, al estar bloqueada la posibilidad de elegir autoridades de esa comisi\u00f3n por estar empatadas las voluntades que debieran decidir.<\/p>\n<p>Y pocas expectativas porque a nadie se le ocurre que encuentren la manera de destrabar la situaci\u00f3n en el seno de la comisi\u00f3n.<\/p>\n<p>Para muchos de la oposici\u00f3n, la \u00fanica manera era que resuelva el pleno. Soberano para tomar ese tipo de decisiones, algunos en la oposici\u00f3n confiaban en que la embestida que se intent\u00f3 el mi\u00e9rcoles pasado llegara a buen puerto. La intenci\u00f3n era poner a consideraci\u00f3n del Cuerpo la presidencia de la comisi\u00f3n, pero eso no fue posible: Mart\u00edn Menem se mostr\u00f3 inflexible y no hubo manera de que aceptara que se votara. Por el contrario, reclam\u00f3 que eso se resolviera en la comisi\u00f3n, y tambi\u00e9n pas\u00f3 facturas, al responsabilizar a la oposici\u00f3n que impuls\u00f3 la creaci\u00f3n de la comisi\u00f3n investigadora de que la misma estuviera trabada. \u00bfPor qu\u00e9?\u00a0 Por el texto del proyecto que propusieron votar, donde no figura un n\u00famero determinado de miembros para la comisi\u00f3n. A nadie se le ocurri\u00f3 hacer que el n\u00famero de la comisi\u00f3n fuera impar, como todas las comisiones (salvo las bicamerales) para evitar lo que est\u00e1 sucediendo ahora.<\/p>\n<p>Vale recordar de paso que cuando se trat\u00f3 en particular ese proyecto, el diputado santacruce\u00f1o Jos\u00e9 Luis Garrido propuso modificar el texto de un art\u00edculo para que se sumara la palabra \u201cinterbloques\u201d para la conformaci\u00f3n de miembros de la comisi\u00f3n. Ese agregado permiti\u00f3 luego que La Libertad Avanza se constituyera en interbloque con CREO; que el Pro hiciera lo propio con el MID, y ni qu\u00e9 decir de lo que hizo UP, de donde se mudaron dos diputadas para formar otro bloque y luego se anexaran en interbloque a la izquierda\u2026 Dicho sea de paso, Garrido termin\u00f3 absteni\u00e9ndose a la hora de votar ese art\u00edculo.<\/p>\n<p>Ante la falta de acuerdo el mi\u00e9rcoles pasado terminaron convocando a reunir la comisi\u00f3n investigadora este martes, bajo la coordinaci\u00f3n del secretario Parlamentario Adri\u00e1n Pag\u00e1n. Y se convoc\u00f3 tambi\u00e9n a una reuni\u00f3n con invitados para el 25 de junio. Lo cierto es que nadie se ilusiona conque lleguen este martes a un acuerdo para nominar un presidente de consenso. Y ya no se descarta que la comisi\u00f3n termine funcionando as\u00ed, bajo la protecci\u00f3n de Pag\u00e1n, y comience a investigar de una vez. Si las partes lo aceptan, podr\u00eda ser la soluci\u00f3n salom\u00f3nica que permita al menos comenzar a agitar la cuesti\u00f3n, m\u00e1s all\u00e1 de que dif\u00edcilmente puedan llegar a resoluciones concretas.<\/p>\n<p>Se ver\u00e1 la t\u00f3nica a partir de las 16 de este martes comienzan a imprimirle a esta comisi\u00f3n clave.<\/p>\n","protected":false},"excerpt":{"rendered":"<p>Pese a la atenci\u00f3n que genera el encuentro, reina el escepticismo: nadie espera que se destrabe el conflicto. La oposici\u00f3n insiste en que el pleno deber\u00eda resolverlo, pero Mart\u00edn Menem se mantiene firme en que la soluci\u00f3n debe surgir desde la propia comisi\u00f3n &nbsp; &nbsp; Gran atenci\u00f3n ha concitado la reuni\u00f3n convocada para este martes a las 16 de la Comisi\u00f3n Investigadora de la Criptomoneda $LIBRA, m\u00e1s no demasiada expectativa por lo que pueda suceder all\u00ed. Mucha atenci\u00f3n, porque se espera saber c\u00f3mo se las arreglan finalmente los diputados para&#8230;<\/p>\n","protected":false},"author":3,"featured_media":129714,"comment_status":"closed","ping_status":"closed","sticky":false,"template":"","format":"standard","meta":[],"categories":[18],"tags":[],"_links":{"self":[{"href":"https:\/\/www.actualidadadiario.com\/index.php\/wp-json\/wp\/v2\/posts\/129713"}],"collection":[{"href":"https:\/\/www.actualidadadiario.com\/index.php\/wp-json\/wp\/v2\/posts"}],"about":[{"href":"https:\/\/www.actualidadadiario.com\/index.php\/wp-json\/wp\/v2\/types\/post"}],"author":[{"embeddable":true,"href":"https:\/\/www.actualidadadiario.com\/index.php\/wp-json\/wp\/v2\/users\/3"}],"replies":[{"embeddable":true,"href":"https:\/\/www.actualidadadiario.com\/index.php\/wp-json\/wp\/v2\/comments?post=129713"}],"version-history":[{"count":1,"href":"https:\/\/www.actualidadadiario.com\/index.php\/wp-json\/wp\/v2\/posts\/129713\/revisions"}],"predecessor-version":[{"id":129715,"href":"https:\/\/www.actualidadadiario.com\/index.php\/wp-json\/wp\/v2\/posts\/129713\/revisions\/129715"}],"wp:featuredmedia":[{"embeddable":true,"href":"https:\/\/www.actualidadadiario.com\/index.php\/wp-json\/wp\/v2\/media\/129714"}],"wp:attachment":[{"href":"https:\/\/www.actualidadadiario.com\/index.php\/wp-json\/wp\/v2\/media?parent=129713"}],"wp:term":[{"taxonomy":"category","embeddable":true,"href":"https:\/\/www.actualidadadiario.com\/index.php\/wp-json\/wp\/v2\/categories?post=129713"},{"taxonomy":"post_tag","embeddable":true,"href":"https:\/\/www.actualidadadiario.com\/index.php\/wp-json\/wp\/v2\/tags?post=129713"}],"curies":[{"name":"wp","href":"https:\/\/api.w.org\/{rel}","templated":true}]}}