{"id":129710,"date":"2025-06-10T15:32:46","date_gmt":"2025-06-10T18:32:46","guid":{"rendered":"https:\/\/www.actualidadadiario.com\/?p=129710"},"modified":"2025-06-10T15:32:46","modified_gmt":"2025-06-10T18:32:46","slug":"francos-reunio-al-gabinete-a-la-espera-del-fallo-de-la-corte-sobre-cristina-kirchner","status":"publish","type":"post","link":"https:\/\/www.actualidadadiario.com\/index.php\/2025\/06\/10\/francos-reunio-al-gabinete-a-la-espera-del-fallo-de-la-corte-sobre-cristina-kirchner\/","title":{"rendered":"Francos reuni\u00f3 al Gabinete a la espera del fallo de la Corte sobre Cristina Kirchner"},"content":{"rendered":"<p style=\"text-align: center;\"><em><strong>En medio del viaje de Milei a Israel, el jefe de Gabinete, Guillermo Francos, analiz\u00f3 la gesti\u00f3n con los ministros. A\u00fan no hay una definici\u00f3n sobre la reacci\u00f3n que tendr\u00e1 el oficialismo sobre la resoluci\u00f3n judicial<\/strong><\/em><\/p>\n<p>&nbsp;<\/p>\n<p>&nbsp;<\/p>\n<p>Como es habitual los martes, el jefe de Gabinete, Guillermo Francos, reuni\u00f3 al equipo de Gobierno en la Casa Rosada. El presidente Javier Milei estuvo ausente debido al viaje que mantiene en Israel.<\/p>\n<p>El momento pol\u00edtico por el fallo de la Corte Suprema sobre ratificaci\u00f3n de la condena de seis a\u00f1os contra la ex presidenta, Cristina Kirchner, expondr\u00e1 al oficialismo m\u00e1s all\u00e1 de los temas propios de la gesti\u00f3n.<\/p>\n<p>Del encuentro participaron los ministros Luis Petri (Defensa), Federico Sturzenegger (Desregulaci\u00f3n), Mario Lugones (Salud), Patricia Bullrich (Seguridad Nacional) y Mariano C\u00faneo Libarona (Justicia).<\/p>\n<p>El Gobierno ten\u00eda en agenda una reuni\u00f3n con gobernadores hoy en la Casa Rosada y tuvo que ser suspendida por la situaci\u00f3n de incertidumbre judicial. \u201cA\u00fan no hay nueva fecha\u201d, se\u00f1alaron en Balcarce 50 sobre la convocatoria pautada por el jefe de Gabinete.<\/p>\n<p>Los mandatarios provinciales hab\u00edan pedido una audiencia para tratar un nuevo pacto fiscal luego del encuentro que mantuvieron la semana pasada en el Consejo Federal de Inversiones (CFI) con una presencia casi perfecta. Las provincias atraviesan una situaci\u00f3n de crisis ante la falta de la obra p\u00fablica, la ca\u00edda de la recaudaci\u00f3n y la falta de transferencias de la Naci\u00f3n.<\/p>\n<p>La Casa Rosada est\u00e1 en una encrucijada sobre la situaci\u00f3n pol\u00edtica que pueda destapar el encarcelamiento de Cristina Kirchner si la Corte Suprema falla.<\/p>\n<p>En la Libertad Avanza adelantan dos escenarios. Habr\u00e1 dirigentes libertarios que festejar\u00e1n o otros que dir\u00e1n que \u201cla Justicia act\u00fao de manera independiente\u201d. El presidente Milei a\u00fan no baj\u00f3 l\u00ednea de cu\u00e1les de estas dos opciones repetir\u00e1n los funcionarios nacionales.<\/p>\n<p>Tambi\u00e9n miran con atenci\u00f3n lo que suceder\u00e1 en el peronismo en el caso de una sentencia en contra de la ex vicepresidenta. \u201cPuede ser que sirva para que el PJ se una o puede desatar una interna para ver que ocupa su lugar\u201d, analizaron desde Balcarce 50.<\/p>\n<p>&nbsp;<\/p>\n","protected":false},"excerpt":{"rendered":"<p>En medio del viaje de Milei a Israel, el jefe de Gabinete, Guillermo Francos, analiz\u00f3 la gesti\u00f3n con los ministros. A\u00fan no hay una definici\u00f3n sobre la reacci\u00f3n que tendr\u00e1 el oficialismo sobre la resoluci\u00f3n judicial &nbsp; &nbsp; Como es habitual los martes, el jefe de Gabinete, Guillermo Francos, reuni\u00f3 al equipo de Gobierno en la Casa Rosada. El presidente Javier Milei estuvo ausente debido al viaje que mantiene en Israel. El momento pol\u00edtico por el fallo de la Corte Suprema sobre ratificaci\u00f3n de la condena de seis a\u00f1os contra&#8230;<\/p>\n","protected":false},"author":3,"featured_media":129711,"comment_status":"closed","ping_status":"closed","sticky":false,"template":"","format":"standard","meta":[],"categories":[18],"tags":[],"_links":{"self":[{"href":"https:\/\/www.actualidadadiario.com\/index.php\/wp-json\/wp\/v2\/posts\/129710"}],"collection":[{"href":"https:\/\/www.actualidadadiario.com\/index.php\/wp-json\/wp\/v2\/posts"}],"about":[{"href":"https:\/\/www.actualidadadiario.com\/index.php\/wp-json\/wp\/v2\/types\/post"}],"author":[{"embeddable":true,"href":"https:\/\/www.actualidadadiario.com\/index.php\/wp-json\/wp\/v2\/users\/3"}],"replies":[{"embeddable":true,"href":"https:\/\/www.actualidadadiario.com\/index.php\/wp-json\/wp\/v2\/comments?post=129710"}],"version-history":[{"count":1,"href":"https:\/\/www.actualidadadiario.com\/index.php\/wp-json\/wp\/v2\/posts\/129710\/revisions"}],"predecessor-version":[{"id":129712,"href":"https:\/\/www.actualidadadiario.com\/index.php\/wp-json\/wp\/v2\/posts\/129710\/revisions\/129712"}],"wp:featuredmedia":[{"embeddable":true,"href":"https:\/\/www.actualidadadiario.com\/index.php\/wp-json\/wp\/v2\/media\/129711"}],"wp:attachment":[{"href":"https:\/\/www.actualidadadiario.com\/index.php\/wp-json\/wp\/v2\/media?parent=129710"}],"wp:term":[{"taxonomy":"category","embeddable":true,"href":"https:\/\/www.actualidadadiario.com\/index.php\/wp-json\/wp\/v2\/categories?post=129710"},{"taxonomy":"post_tag","embeddable":true,"href":"https:\/\/www.actualidadadiario.com\/index.php\/wp-json\/wp\/v2\/tags?post=129710"}],"curies":[{"name":"wp","href":"https:\/\/api.w.org\/{rel}","templated":true}]}}