{"id":129708,"date":"2025-06-10T15:31:09","date_gmt":"2025-06-10T18:31:09","guid":{"rendered":"https:\/\/www.actualidadadiario.com\/?p=129708"},"modified":"2025-06-10T15:31:09","modified_gmt":"2025-06-10T18:31:09","slug":"myriam-bregman-aseguro-que-la-condena-a-cristina-kirchner-es-una-proscripcion","status":"publish","type":"post","link":"https:\/\/www.actualidadadiario.com\/index.php\/2025\/06\/10\/myriam-bregman-aseguro-que-la-condena-a-cristina-kirchner-es-una-proscripcion\/","title":{"rendered":"Myriam Bregman asegur\u00f3 que la condena a Cristina Kirchner es una \u201cproscripci\u00f3n\u201d"},"content":{"rendered":"<p style=\"text-align: center;\"><em><strong>La referente del FIT dijo que si la Corte ratifica la condena ser\u00eda una \u201crestricci\u00f3n antidemocr\u00e1tica profunda\u201d, hecha por un Poder Judicial \u201cmuy genuflexo\u201d<\/strong><\/em><\/p>\n<p>&nbsp;<\/p>\n<p>&nbsp;<\/p>\n<p>La ex diputada y l\u00edder del Frente de Izquierda, Myriam Bregman, calific\u00f3 hoy como \u201cgrave\u201d que la Corte Suprema ratifique la condena contra Cristina Fern\u00e1ndez de Kirchner, porque ser\u00eda una \u201cproscripci\u00f3n\u201d y una \u201crestricci\u00f3n antidemocr\u00e1tica profunda\u201d, concretada por un Poder Judicial \u201cmuy genuflexo\u201d.<\/p>\n<p>\u201cEs grave porque, de confirmarse lo que se anuncia en cuanto a la proscripci\u00f3n de Cristina Fern\u00e1ndez de Kirchner, se est\u00e1 dando una restricci\u00f3n m\u00e1s en una democracia capitalista que ya est\u00e1 muy restringida\u201d, dijo Bregman en declaraciones al programa \u201cSn corbata\u201d que se emite por Radio Splendid.<\/p>\n<p>La dirigente record\u00f3 que fue \u201copositora y reprimida\u201d durante el gobierno de Cristina Kirchner, pero consider\u00f3 \u201cgrave\u201d que el Poder Judicial \u201cahora adem\u00e1s se reserve la facultad de decidir qui\u00e9n puede ser candidato\u201d avanzando en su injerencia en el sistema pol\u00edtico y electoral.<\/p>\n<p>\u201cNo nos tenemos que olvidar el tweet de (el secretario de Estado norteamericano) Marco Rubio el 21 de marzo de este a\u00f1o, diciendo que le prohib\u00edan a Cristina Kirchner ingresar a los Estados Unidos por hechos de corrupci\u00f3n. Antes de que estuviese la condena en Argentina ya Estados Unidos la hab\u00eda dictado\u201d, subray\u00f3.<\/p>\n<p>Por eso consider\u00f3 \u201cevidente que Estados Unidos est\u00e1 usando desde hace a\u00f1os las acusaciones de corrupci\u00f3n para conseguir gobiernos cada vez m\u00e1s adictos y totalmente alineados con el capital financiero internacional, y cualquiera que estorbe en eso lo ponen en la mira y no paran hasta que esa persona es totalmente segregada de la vida pol\u00edtica\u201d.<\/p>\n<p>\u201cPor ah\u00ed hay que buscar la explicaci\u00f3n de todo lo que pasa con Cristina Fern\u00e1ndez de Kirchner, o lo que paso en Brasil con (el presidente Luis Inacio Da Silva) Lula\u201d, que fue encarcelado e impedido de presentarse a elecciones en un proceso que luego fue anulado por la justicia de ese pa\u00eds por irregularidades en la causa.<\/p>\n<p>Bregman dijo que en la Argentina el Poder Judicial es \u201cmuy genuflexo y act\u00faa siempre inclinando la balanza para un lado, que es el de los verdaderos due\u00f1os del poder\u201d.<\/p>\n<p>\u201cEste es un mecanismo que indefectiblemente se vuelve contra el pueblo\u201d, advirti\u00f3, se\u00f1al\u00f3 que en los procesos judiciales contra las organizaciones sociales y piqueteras se act\u00faa muy r\u00e1pido, y puso como ejemplo que el juicio contra el Polo Obrero \u201chicieron una elevaci\u00f3n a juicio en tiempo r\u00e9cord\u201d.<\/p>\n","protected":false},"excerpt":{"rendered":"<p>La referente del FIT dijo que si la Corte ratifica la condena ser\u00eda una \u201crestricci\u00f3n antidemocr\u00e1tica profunda\u201d, hecha por un Poder Judicial \u201cmuy genuflexo\u201d &nbsp; &nbsp; La ex diputada y l\u00edder del Frente de Izquierda, Myriam Bregman, calific\u00f3 hoy como \u201cgrave\u201d que la Corte Suprema ratifique la condena contra Cristina Fern\u00e1ndez de Kirchner, porque ser\u00eda una \u201cproscripci\u00f3n\u201d y una \u201crestricci\u00f3n antidemocr\u00e1tica profunda\u201d, concretada por un Poder Judicial \u201cmuy genuflexo\u201d. \u201cEs grave porque, de confirmarse lo que se anuncia en cuanto a la proscripci\u00f3n de Cristina Fern\u00e1ndez de Kirchner, se est\u00e1&#8230;<\/p>\n","protected":false},"author":3,"featured_media":109718,"comment_status":"closed","ping_status":"closed","sticky":false,"template":"","format":"standard","meta":[],"categories":[18],"tags":[],"_links":{"self":[{"href":"https:\/\/www.actualidadadiario.com\/index.php\/wp-json\/wp\/v2\/posts\/129708"}],"collection":[{"href":"https:\/\/www.actualidadadiario.com\/index.php\/wp-json\/wp\/v2\/posts"}],"about":[{"href":"https:\/\/www.actualidadadiario.com\/index.php\/wp-json\/wp\/v2\/types\/post"}],"author":[{"embeddable":true,"href":"https:\/\/www.actualidadadiario.com\/index.php\/wp-json\/wp\/v2\/users\/3"}],"replies":[{"embeddable":true,"href":"https:\/\/www.actualidadadiario.com\/index.php\/wp-json\/wp\/v2\/comments?post=129708"}],"version-history":[{"count":1,"href":"https:\/\/www.actualidadadiario.com\/index.php\/wp-json\/wp\/v2\/posts\/129708\/revisions"}],"predecessor-version":[{"id":129709,"href":"https:\/\/www.actualidadadiario.com\/index.php\/wp-json\/wp\/v2\/posts\/129708\/revisions\/129709"}],"wp:featuredmedia":[{"embeddable":true,"href":"https:\/\/www.actualidadadiario.com\/index.php\/wp-json\/wp\/v2\/media\/109718"}],"wp:attachment":[{"href":"https:\/\/www.actualidadadiario.com\/index.php\/wp-json\/wp\/v2\/media?parent=129708"}],"wp:term":[{"taxonomy":"category","embeddable":true,"href":"https:\/\/www.actualidadadiario.com\/index.php\/wp-json\/wp\/v2\/categories?post=129708"},{"taxonomy":"post_tag","embeddable":true,"href":"https:\/\/www.actualidadadiario.com\/index.php\/wp-json\/wp\/v2\/tags?post=129708"}],"curies":[{"name":"wp","href":"https:\/\/api.w.org\/{rel}","templated":true}]}}