{"id":129686,"date":"2025-06-11T11:23:30","date_gmt":"2025-06-11T14:23:30","guid":{"rendered":"https:\/\/www.actualidadadiario.com\/?p=129686"},"modified":"2025-06-11T12:26:22","modified_gmt":"2025-06-11T15:26:22","slug":"docentes-universitarios-lanzan-nuevo-paro-de-48-horas-en-reclamo-por-salarios-y-financiamiento","status":"publish","type":"post","link":"https:\/\/www.actualidadadiario.com\/index.php\/2025\/06\/11\/docentes-universitarios-lanzan-nuevo-paro-de-48-horas-en-reclamo-por-salarios-y-financiamiento\/","title":{"rendered":"Docentes universitarios lanzan nuevo paro de 48 horas en reclamo por salarios y financiamiento"},"content":{"rendered":"<p style=\"text-align: center;\"><em><strong>La medida de fuerza se realizar\u00e1 este mi\u00e9rcoles 11 y jueves 12 de junio, en reclamo de la reapertura de paritarias y la restituci\u00f3n del financiamiento. Desde COAD advierten que el poder adquisitivo docente atraviesa su peor momento en cuatro d\u00e9cadas. Tambi\u00e9n exigen que el Congreso insista con la ley vetada por el Ejecutivo<\/strong><\/em><\/p>\n<p>&nbsp;<\/p>\n<p>&nbsp;<\/p>\n<p>En el marco de un profundo conflicto con el Gobierno nacional, los docentes universitarios volver\u00e1n al paro este mi\u00e9rcoles 11 y jueves 12 de junio, en reclamo de la reapertura de la negociaci\u00f3n salarial y la restituci\u00f3n de fondos para el sistema p\u00fablico de educaci\u00f3n superior. La protesta, impulsada por la CONADU y la Asociaci\u00f3n Gremial de Docentes e Investigadores de la UNR (COAD), incluir\u00e1 actividades de visibilizaci\u00f3n en todo el pa\u00eds y ser\u00e1 la antesala de una nueva marcha federal prevista para la semana del 23.<\/p>\n<p>Federico Gayoso, secretario general de COAD, alert\u00f3 en di\u00e1logo con La Marca de la Almohada sobre la gravedad del momento: \u201cM\u00e1s del 80% de la docencia universitaria est\u00e1 por debajo de la l\u00ednea de pobreza. Ni siquiera en la crisis del 2001 estuvimos tan mal como ahora\u201d. Adem\u00e1s, denunci\u00f3 que el salario real del sector se encuentra en su nivel m\u00e1s bajo en las \u00faltimas cuatro d\u00e9cadas.<\/p>\n<p>Uno de los reclamos centrales del gremio es que el Congreso insista con la sanci\u00f3n definitiva de la ley de financiamiento universitario, vetada por el presidente Javier Milei tras ser aprobada por mayor\u00eda. \u201cEsa ley garantiza que las universidades sigan funcionando y recupera el valor de los salarios al nivel de diciembre de 2023. No soluciona todo, pero permite resistir\u201d, apunt\u00f3 Gayoso.<\/p>\n<p>Desde octubre de 2023 no hay convocatoria a paritarias y los aumentos decretados por el Ejecutivo no superaron el 1,3%, seg\u00fan detall\u00f3 el dirigente gremial. Esta situaci\u00f3n, sumada al avance inflacionario, ha provocado un fuerte deterioro en las condiciones laborales y salariales de los trabajadores docentes y no docentes de las universidades nacionales.<\/p>\n<p>Durante la jornada de protesta de esta semana, se realizar\u00e1n distintas acciones para visibilizar el conflicto, tanto en Rosario como en otras ciudades. Adem\u00e1s, se organizar\u00e1n clases p\u00fablicas, volanteadas y actividades de concientizaci\u00f3n. \u201cLa docencia universitaria no puede sostenerse en estas condiciones. Estamos defendiendo no s\u00f3lo nuestros ingresos, sino el futuro mismo de la universidad p\u00fablica\u201d, concluy\u00f3 Gayoso.<\/p>\n<p>El plan de lucha contin\u00faa firme y ya tiene fecha para su pr\u00f3ximo cap\u00edtulo: en la semana del 23 de junio se llevar\u00e1 a cabo otro paro de 48 horas y una nueva movilizaci\u00f3n federal que volver\u00e1 a poner en agenda el reclamo de la comunidad universitaria.<\/p>\n","protected":false},"excerpt":{"rendered":"<p>La medida de fuerza se realizar\u00e1 este mi\u00e9rcoles 11 y jueves 12 de junio, en reclamo de la reapertura de paritarias y la restituci\u00f3n del financiamiento. Desde COAD advierten que el poder adquisitivo docente atraviesa su peor momento en cuatro d\u00e9cadas. Tambi\u00e9n exigen que el Congreso insista con la ley vetada por el Ejecutivo &nbsp; &nbsp; En el marco de un profundo conflicto con el Gobierno nacional, los docentes universitarios volver\u00e1n al paro este mi\u00e9rcoles 11 y jueves 12 de junio, en reclamo de la reapertura de la negociaci\u00f3n salarial&#8230;<\/p>\n","protected":false},"author":3,"featured_media":125635,"comment_status":"closed","ping_status":"closed","sticky":false,"template":"","format":"standard","meta":[],"categories":[9],"tags":[],"_links":{"self":[{"href":"https:\/\/www.actualidadadiario.com\/index.php\/wp-json\/wp\/v2\/posts\/129686"}],"collection":[{"href":"https:\/\/www.actualidadadiario.com\/index.php\/wp-json\/wp\/v2\/posts"}],"about":[{"href":"https:\/\/www.actualidadadiario.com\/index.php\/wp-json\/wp\/v2\/types\/post"}],"author":[{"embeddable":true,"href":"https:\/\/www.actualidadadiario.com\/index.php\/wp-json\/wp\/v2\/users\/3"}],"replies":[{"embeddable":true,"href":"https:\/\/www.actualidadadiario.com\/index.php\/wp-json\/wp\/v2\/comments?post=129686"}],"version-history":[{"count":1,"href":"https:\/\/www.actualidadadiario.com\/index.php\/wp-json\/wp\/v2\/posts\/129686\/revisions"}],"predecessor-version":[{"id":129687,"href":"https:\/\/www.actualidadadiario.com\/index.php\/wp-json\/wp\/v2\/posts\/129686\/revisions\/129687"}],"wp:featuredmedia":[{"embeddable":true,"href":"https:\/\/www.actualidadadiario.com\/index.php\/wp-json\/wp\/v2\/media\/125635"}],"wp:attachment":[{"href":"https:\/\/www.actualidadadiario.com\/index.php\/wp-json\/wp\/v2\/media?parent=129686"}],"wp:term":[{"taxonomy":"category","embeddable":true,"href":"https:\/\/www.actualidadadiario.com\/index.php\/wp-json\/wp\/v2\/categories?post=129686"},{"taxonomy":"post_tag","embeddable":true,"href":"https:\/\/www.actualidadadiario.com\/index.php\/wp-json\/wp\/v2\/tags?post=129686"}],"curies":[{"name":"wp","href":"https:\/\/api.w.org\/{rel}","templated":true}]}}