{"id":129642,"date":"2025-06-09T12:12:10","date_gmt":"2025-06-09T15:12:10","guid":{"rendered":"https:\/\/www.actualidadadiario.com\/?p=129642"},"modified":"2025-06-09T12:12:10","modified_gmt":"2025-06-09T15:12:10","slug":"reduccion-de-horas-extras-siguen-las-asambleas-en-casa-de-gobierno","status":"publish","type":"post","link":"https:\/\/www.actualidadadiario.com\/index.php\/2025\/06\/09\/reduccion-de-horas-extras-siguen-las-asambleas-en-casa-de-gobierno\/","title":{"rendered":"Reducci\u00f3n de horas extras: Siguen las asambleas en Casa de Gobierno"},"content":{"rendered":"<p style=\"text-align: center;\"><em><strong>ATE realizar\u00e1 una nueva asamblea en Casa de Gobierno este lunes a las 10, para \u201cinformar a todos los sectores y deliberar sobre los pasos a seguir en relaci\u00f3n a la reducci\u00f3n de las horas extras\u201d. Adem\u00e1s, a primera hora solicitar\u00e1 formalmente una convocatoria para abordar el tema en el Ministerio de Hacienda<\/strong><\/em><\/p>\n<p>&nbsp;<\/p>\n<p>&nbsp;<\/p>\n<p>La medida fue resuelta el viernes pasado por el conjunto de los trabajadores, inform\u00f3 el sindicato tras resaltar que la semana pasada \u201cse vio una contundente reacci\u00f3n de las y los trabajadores de los distintos ministerios ante el recorte salarial que pretende llevar adelante Frigerio a trav\u00e9s de la reducci\u00f3n del \u00edtem de horas extraordinarias\u201d.<\/p>\n<p>El gremio luego se refiri\u00f3 a las declaraciones del Ministro de Hacienda y Finanzas, Fabi\u00e1n Boleas, quien \u201cen principio ratifica el recorte salarial y expresa que \u2018se est\u00e1 trabajando en una herramienta para abordar esta situaci\u00f3n\u2019\u201d.<\/p>\n<p>\u201cDesde el inicio de los gobiernos de Frigerio y Milei los trabajadores hemos perdido m\u00e1s del 20% de nuestros ingresos, ahora se pretende avanzar con un recorte en un \u00edtem salarial que se viene percibiendo hace a\u00f1os y forma parte del salario regular\u201d, cuestion\u00f3 ATE.<\/p>\n<p>Expuso que \u201csi el Gobierno provincial quiere usar la licuadora y la motosierra de Milei, no es la forma dirigirla a los trabajadores, esto solo los empuja m\u00e1s a la pobreza y profundiza la destrucci\u00f3n del mercado interno local, terminando en la ca\u00edda de la recaudaci\u00f3n, como lo viene expresando el mismo ministro de Hacienda\u201d.<\/p>\n<p>Por otro lado, en relaci\u00f3n a la baja de suplencias en diferentes sectores, desde ATE se indic\u00f3 que \u201clos planteos se van a canalizar directamente con las autoridades de los organismos, estos son Consejo General de Educaci\u00f3n (CGE) y Ministerio de Desarrollo Social\u201d.<\/p>\n","protected":false},"excerpt":{"rendered":"<p>ATE realizar\u00e1 una nueva asamblea en Casa de Gobierno este lunes a las 10, para \u201cinformar a todos los sectores y deliberar sobre los pasos a seguir en relaci\u00f3n a la reducci\u00f3n de las horas extras\u201d. Adem\u00e1s, a primera hora solicitar\u00e1 formalmente una convocatoria para abordar el tema en el Ministerio de Hacienda &nbsp; &nbsp; La medida fue resuelta el viernes pasado por el conjunto de los trabajadores, inform\u00f3 el sindicato tras resaltar que la semana pasada \u201cse vio una contundente reacci\u00f3n de las y los trabajadores de los distintos&#8230;<\/p>\n","protected":false},"author":3,"featured_media":129643,"comment_status":"closed","ping_status":"closed","sticky":false,"template":"","format":"standard","meta":[],"categories":[9],"tags":[],"_links":{"self":[{"href":"https:\/\/www.actualidadadiario.com\/index.php\/wp-json\/wp\/v2\/posts\/129642"}],"collection":[{"href":"https:\/\/www.actualidadadiario.com\/index.php\/wp-json\/wp\/v2\/posts"}],"about":[{"href":"https:\/\/www.actualidadadiario.com\/index.php\/wp-json\/wp\/v2\/types\/post"}],"author":[{"embeddable":true,"href":"https:\/\/www.actualidadadiario.com\/index.php\/wp-json\/wp\/v2\/users\/3"}],"replies":[{"embeddable":true,"href":"https:\/\/www.actualidadadiario.com\/index.php\/wp-json\/wp\/v2\/comments?post=129642"}],"version-history":[{"count":1,"href":"https:\/\/www.actualidadadiario.com\/index.php\/wp-json\/wp\/v2\/posts\/129642\/revisions"}],"predecessor-version":[{"id":129644,"href":"https:\/\/www.actualidadadiario.com\/index.php\/wp-json\/wp\/v2\/posts\/129642\/revisions\/129644"}],"wp:featuredmedia":[{"embeddable":true,"href":"https:\/\/www.actualidadadiario.com\/index.php\/wp-json\/wp\/v2\/media\/129643"}],"wp:attachment":[{"href":"https:\/\/www.actualidadadiario.com\/index.php\/wp-json\/wp\/v2\/media?parent=129642"}],"wp:term":[{"taxonomy":"category","embeddable":true,"href":"https:\/\/www.actualidadadiario.com\/index.php\/wp-json\/wp\/v2\/categories?post=129642"},{"taxonomy":"post_tag","embeddable":true,"href":"https:\/\/www.actualidadadiario.com\/index.php\/wp-json\/wp\/v2\/tags?post=129642"}],"curies":[{"name":"wp","href":"https:\/\/api.w.org\/{rel}","templated":true}]}}