{"id":129640,"date":"2025-06-09T12:10:39","date_gmt":"2025-06-09T15:10:39","guid":{"rendered":"https:\/\/www.actualidadadiario.com\/?p=129640"},"modified":"2025-06-09T12:10:39","modified_gmt":"2025-06-09T15:10:39","slug":"agmer-adelantara-las-elecciones-para-renovar-su-conduccion-provincial","status":"publish","type":"post","link":"https:\/\/www.actualidadadiario.com\/index.php\/2025\/06\/09\/agmer-adelantara-las-elecciones-para-renovar-su-conduccion-provincial\/","title":{"rendered":"Agmer adelantar\u00e1 las elecciones para renovar su conducci\u00f3n provincial"},"content":{"rendered":"<p style=\"text-align: center;\"><em><strong>Ser\u00e1n el pr\u00f3ximo 25 de septiembre. El proceso electoral deja afuera a los dos principales dirigentes que conforman el tridente que conduce Agmer: Marcelo Pagani y Guillermo Zampedri se jubilaron<\/strong><\/em><\/p>\n<p>&nbsp;<\/p>\n<p>&nbsp;<\/p>\n<p>La Asociaci\u00f3n Gremial del Magisterio de Entre R\u00edos realizar\u00e1 elecciones para renovar su conducci\u00f3n provincial y las de sus seccionales el pr\u00f3ximo 25 de septiembre, y de ese modo adelanta una fecha que acostumbradamente se ubicaba en el calendario en el mes de noviembre. La oficializaci\u00f3n del cronograma electoral ocurrir\u00e1 durante el congreso provincial del sindicato que se realizar\u00e1 el 3 de julio.<\/p>\n<p>El proceso electoral deja afuera a los principales dirigentes que conforman el tridente que conduce Agmer desde hace dos per\u00edodos, y que integran Marcelo Pagani (Lista Celeste, secretario general), Ana Delaloye (Compromiso, adjunta) y Guillermo Zampedri (Paulo Freire, gremial). Ninguno de los tres puede repetir mandato, y dos de ellos, Pagani y Zampedri ya est\u00e1n jubilados.<\/p>\n<p>&nbsp;<\/p>\n<p><strong>Pagani transita su segundo mandato<\/strong><\/p>\n<p>Pagani accedi\u00f3 al beneficio de la jubilaci\u00f3n desde el lunes 1\u00b0 de julio de 2024. El mismo dirigente sindical se encarg\u00f3 de comunicarlo. Cont\u00f3 que la resoluci\u00f3n N\u00ba1.632, dictada por la Caja de Jubilaciones y Pensiones de Entre R\u00edos el 22 de abril del a\u00f1o pasado, contabiliz\u00f3 que acumula \u201c42 a\u00f1os 1 mes y 8 d\u00edas\u201d como docente.<\/p>\n<p>\u201cEsta letra, fr\u00eda, burocr\u00e1tica, esconde muchas vivencias, emociones, sensaciones imposibles de explicar en un solo escrito y cuando la emoci\u00f3n te inunda. Solo compartir que, a partir de hoy, 1\u00b0 de julio estoy jubilado\u201d, hab\u00eda escrito.<\/p>\n<p>El 30 de diciembre de 2021, Pagani asumi\u00f3 su segundo mandato al frente del sindicato docente luego de que el oficialismo se impusiera, con el sello de la lista Marcha Blanca, en las elecciones del sindicato que se desarrollaron el 4 de noviembre de ese a\u00f1o. Pagani repite mandato para el per\u00edodo 2022\/2025 acompa\u00f1ado de Ana Delaloye, como adjunta, y Guillermo Zampedri, como gremial, que lo acompa\u00f1aron en la primera gesti\u00f3n.<\/p>\n<p>&nbsp;<\/p>\n<p><strong>Zampedri tambi\u00e9n jubilado<\/strong><\/p>\n<p>El gremial Zampedri accedi\u00f3 al beneficio de la jubilaci\u00f3n el 30 de septiembre de 2024. Surgi\u00f3 de la Agrupaci\u00f3n \u201cRojo y Negro\u201d pero en 2011 protagoniz\u00f3 un ruidoso cisma cuando surgi\u00f3 la Agrupaci\u00f3n Paulo Freire, luego aliada a la Celeste. Fue dos a\u00f1os despu\u00e9s de que, en 2009, la Rojo y Negro accediera a la conducci\u00f3n provincial de Agmer con C\u00e9sar Baudino como secretario general.<\/p>\n<p>Aquellas internas entre las distintas facciones de Agmer tuvieron su fin en 2021 cuando se conform\u00f3 la Marcha Blanca, que cobij\u00f3 a la mayor\u00eda de las expresiones internas, y que hoy rige los destinos del gremio a nivel provincial.<\/p>\n<p>Ahora, ya jubilados Pagani y Zampedri, ninguno de los dos piensa seguir en lugares de conducci\u00f3n en el gremio despu\u00e9s de que termine el actual mandato, en este 2025.<\/p>\n","protected":false},"excerpt":{"rendered":"<p>Ser\u00e1n el pr\u00f3ximo 25 de septiembre. El proceso electoral deja afuera a los dos principales dirigentes que conforman el tridente que conduce Agmer: Marcelo Pagani y Guillermo Zampedri se jubilaron &nbsp; &nbsp; La Asociaci\u00f3n Gremial del Magisterio de Entre R\u00edos realizar\u00e1 elecciones para renovar su conducci\u00f3n provincial y las de sus seccionales el pr\u00f3ximo 25 de septiembre, y de ese modo adelanta una fecha que acostumbradamente se ubicaba en el calendario en el mes de noviembre. La oficializaci\u00f3n del cronograma electoral ocurrir\u00e1 durante el congreso provincial del sindicato que se&#8230;<\/p>\n","protected":false},"author":3,"featured_media":113156,"comment_status":"closed","ping_status":"closed","sticky":false,"template":"","format":"standard","meta":[],"categories":[15],"tags":[],"_links":{"self":[{"href":"https:\/\/www.actualidadadiario.com\/index.php\/wp-json\/wp\/v2\/posts\/129640"}],"collection":[{"href":"https:\/\/www.actualidadadiario.com\/index.php\/wp-json\/wp\/v2\/posts"}],"about":[{"href":"https:\/\/www.actualidadadiario.com\/index.php\/wp-json\/wp\/v2\/types\/post"}],"author":[{"embeddable":true,"href":"https:\/\/www.actualidadadiario.com\/index.php\/wp-json\/wp\/v2\/users\/3"}],"replies":[{"embeddable":true,"href":"https:\/\/www.actualidadadiario.com\/index.php\/wp-json\/wp\/v2\/comments?post=129640"}],"version-history":[{"count":1,"href":"https:\/\/www.actualidadadiario.com\/index.php\/wp-json\/wp\/v2\/posts\/129640\/revisions"}],"predecessor-version":[{"id":129641,"href":"https:\/\/www.actualidadadiario.com\/index.php\/wp-json\/wp\/v2\/posts\/129640\/revisions\/129641"}],"wp:featuredmedia":[{"embeddable":true,"href":"https:\/\/www.actualidadadiario.com\/index.php\/wp-json\/wp\/v2\/media\/113156"}],"wp:attachment":[{"href":"https:\/\/www.actualidadadiario.com\/index.php\/wp-json\/wp\/v2\/media?parent=129640"}],"wp:term":[{"taxonomy":"category","embeddable":true,"href":"https:\/\/www.actualidadadiario.com\/index.php\/wp-json\/wp\/v2\/categories?post=129640"},{"taxonomy":"post_tag","embeddable":true,"href":"https:\/\/www.actualidadadiario.com\/index.php\/wp-json\/wp\/v2\/tags?post=129640"}],"curies":[{"name":"wp","href":"https:\/\/api.w.org\/{rel}","templated":true}]}}