{"id":129638,"date":"2025-06-09T12:09:58","date_gmt":"2025-06-09T15:09:58","guid":{"rendered":"https:\/\/www.actualidadadiario.com\/?p=129638"},"modified":"2025-06-09T12:09:58","modified_gmt":"2025-06-09T15:09:58","slug":"cientos-de-docentes-participan-de-las-capacitaciones-de-rcp-en-la-provincia","status":"publish","type":"post","link":"https:\/\/www.actualidadadiario.com\/index.php\/2025\/06\/09\/cientos-de-docentes-participan-de-las-capacitaciones-de-rcp-en-la-provincia\/","title":{"rendered":"Cientos de docentes participan de las capacitaciones de RCP en la provincia"},"content":{"rendered":"<p style=\"text-align: center;\"><em><strong>Organizadas por el Consejo General de Educaci\u00f3n (CGE) y la Secretar\u00eda de Deportes, se realizan capacitaciones sobre Reanimaci\u00f3n Cardio Pulmonar (RCP) y primeros auxilios, destinadas a cientos de profesores de educaci\u00f3n f\u00edsica de toda la provincia<\/strong><\/em><\/p>\n<p>&nbsp;<\/p>\n<p>&nbsp;<\/p>\n<p>Los encuentros se desarrollaron en Federal y Gualeguaych\u00fa, y el 13 de junio se realizar\u00e1 en Paran\u00e1. La directora de Educaci\u00f3n F\u00edsica del CGE, Bel\u00e9n Nesa, precis\u00f3 que se est\u00e1 trabajando en replicar la capacitaci\u00f3n en otros departamentos.<\/p>\n<p>Estas capacitaciones son impulsadas con el objetivo de fortalecer la seguridad y el bienestar de la comunidad educativa.<\/p>\n","protected":false},"excerpt":{"rendered":"<p>Organizadas por el Consejo General de Educaci\u00f3n (CGE) y la Secretar\u00eda de Deportes, se realizan capacitaciones sobre Reanimaci\u00f3n Cardio Pulmonar (RCP) y primeros auxilios, destinadas a cientos de profesores de educaci\u00f3n f\u00edsica de toda la provincia &nbsp; &nbsp; Los encuentros se desarrollaron en Federal y Gualeguaych\u00fa, y el 13 de junio se realizar\u00e1 en Paran\u00e1. La directora de Educaci\u00f3n F\u00edsica del CGE, Bel\u00e9n Nesa, precis\u00f3 que se est\u00e1 trabajando en replicar la capacitaci\u00f3n en otros departamentos. Estas capacitaciones son impulsadas con el objetivo de fortalecer la seguridad y el bienestar&#8230;<\/p>\n","protected":false},"author":3,"featured_media":50470,"comment_status":"closed","ping_status":"closed","sticky":false,"template":"","format":"standard","meta":[],"categories":[15],"tags":[],"_links":{"self":[{"href":"https:\/\/www.actualidadadiario.com\/index.php\/wp-json\/wp\/v2\/posts\/129638"}],"collection":[{"href":"https:\/\/www.actualidadadiario.com\/index.php\/wp-json\/wp\/v2\/posts"}],"about":[{"href":"https:\/\/www.actualidadadiario.com\/index.php\/wp-json\/wp\/v2\/types\/post"}],"author":[{"embeddable":true,"href":"https:\/\/www.actualidadadiario.com\/index.php\/wp-json\/wp\/v2\/users\/3"}],"replies":[{"embeddable":true,"href":"https:\/\/www.actualidadadiario.com\/index.php\/wp-json\/wp\/v2\/comments?post=129638"}],"version-history":[{"count":1,"href":"https:\/\/www.actualidadadiario.com\/index.php\/wp-json\/wp\/v2\/posts\/129638\/revisions"}],"predecessor-version":[{"id":129639,"href":"https:\/\/www.actualidadadiario.com\/index.php\/wp-json\/wp\/v2\/posts\/129638\/revisions\/129639"}],"wp:featuredmedia":[{"embeddable":true,"href":"https:\/\/www.actualidadadiario.com\/index.php\/wp-json\/wp\/v2\/media\/50470"}],"wp:attachment":[{"href":"https:\/\/www.actualidadadiario.com\/index.php\/wp-json\/wp\/v2\/media?parent=129638"}],"wp:term":[{"taxonomy":"category","embeddable":true,"href":"https:\/\/www.actualidadadiario.com\/index.php\/wp-json\/wp\/v2\/categories?post=129638"},{"taxonomy":"post_tag","embeddable":true,"href":"https:\/\/www.actualidadadiario.com\/index.php\/wp-json\/wp\/v2\/tags?post=129638"}],"curies":[{"name":"wp","href":"https:\/\/api.w.org\/{rel}","templated":true}]}}