{"id":129636,"date":"2025-06-09T12:09:19","date_gmt":"2025-06-09T15:09:19","guid":{"rendered":"https:\/\/www.actualidadadiario.com\/?p=129636"},"modified":"2025-06-09T12:09:19","modified_gmt":"2025-06-09T15:09:19","slug":"tres-listas-en-la-interna-del-partido-justicialista","status":"publish","type":"post","link":"https:\/\/www.actualidadadiario.com\/index.php\/2025\/06\/09\/tres-listas-en-la-interna-del-partido-justicialista\/","title":{"rendered":"Tres listas en la interna del partido Justicialista"},"content":{"rendered":"<p style=\"text-align: center;\"><em><strong>La interna del Partido Justicialista tiene, en punta, tres listas para disputar las precandidaturas para el Senado y la C\u00e1mara de Diputados de la Naci\u00f3n el 6 de julio<\/strong><\/em><\/p>\n<p>&nbsp;<\/p>\n<p>&nbsp;<\/p>\n<p>La oficialista la encabeza Ad\u00e1n Bahl, que hasta hace unas semanas ven\u00eda cumpliendo su hoja de ruta que consist\u00eda en guardarse hasta el 2027. En Diputados estar\u00e1 Guillermo Michel, la cara nueva que hasta noviembre de 2023 jug\u00f3 en una liga nacional donde confluyen dirigentes, empresarios e integrantes del Poder Judicial. Desde all\u00ed colabor\u00f3 con la gesti\u00f3n provincial y la campa\u00f1a justicialista, seg\u00fan reconoce el propio Bahl. El gualeguaychuense entiende que es su tiempo. Poner la cara en una boleta.<\/p>\n<p>La n\u00f3mina de Bahl se completa con la intendenta de Los Conquistadores, Adriana Meza. La sorpresa fue la incorporaci\u00f3n, en tercer lugar en Diputados, de Andr\u00e9s Sabella. No estaba en el radar de nadie. Pero lo sorpresivo se acent\u00faa si se aleja la lupa de la lista para ver el escenario. Dif\u00edcilmente el rector de la UNER ingrese al Congreso. Hasta lo que se sabe, su candidatura viene a ponerle rostro a una bandera transversal: la universidad p\u00fablica.<\/p>\n<p>Ese lugar, el de Sabella, estaba reservado para Angel Giano. Concordia, al final, pas\u00f3 al cuarto lugar. Pero no con el nombre del ex presidente de la C\u00e1mara de Diputados, sino el de una m\u00e9dica de su espacio: Mar\u00eda Fabiana Leiva.<\/p>\n<p>El quinto lugar es para Jacob Minguillon, crespense y gerente del Grupo Motta, una de las firmas av\u00edcolas m\u00e1s importantes del pa\u00eds, del que se desconoce cualquier actividad pol\u00edtica partidaria.<\/p>\n<p>Todas estas novedades, de caras nuevas para el electorado en general y espec\u00edficamente referenciadas en el \u00e1mbito productivo y acad\u00e9mico, quedar\u00e1n en manos de Sergio G\u00f3mez para ser explotadas en el plano proselitista. G\u00f3mez es el ex socio de Rosario Ignacio Labarba, que trabaja para el Peronismo Amplio Renovador (PAR). El peronismo no pudo, en 20 a\u00f1os, ampliar el mercado de la publicidad electoral y las operaciones de prensa, que permanecen en pocas manos.<\/p>\n<p>En la vereda de enfrente, en el centro de la propuesta, est\u00e1 la figura del intendente. En el tramo del Senado encabeza Dami\u00e1n Ar\u00e9valo, de Feliciano; secundado por Laura Rupp, de El Pingo. All\u00ed se sintetiza la alianza del espacio de jefes comunales Presente y Futuro y PAR.<\/p>\n<p>Los suplentes de ambos son Luis Gaioli (intendente de Hern\u00e1ndez) y Claudia Gieco (ex intendenta de Diamante).<\/p>\n<p>En Diputados, Gustavo Guzm\u00e1n, una especie de alter ego de Julio Solanas, estar\u00e1 secundado por Claudia Monjo. El nombre de la ex intendenta de Villaguay se lo escuchaba m\u00e1s en el campamento de Jos\u00e9 Allende.<\/p>\n<p>En resumen: la f\u00f3rmula peronista del 2023 se enfrentar\u00e1 en la interna. La villaguaysense es, en la actualidad, secretaria de bloque del PJ en el Senado. Detalles. A \u00faltima hora del viernes, Domingo Daniel Rossi difund\u00eda su apoyo a PAR. Nadie saludo el gesto.<\/p>\n<p>La propuesta que impulsa Allende tiene su sello. En rigor el de UPCN, su hist\u00f3rico artefacto con el que se mueve en la vida institucional. H\u00e9ctor Maya, en todo caso, ser\u00eda la novedad tributando all\u00ed. En Diputados con la figura de Ariel De la Rosa, se ratifica la marca.<\/p>\n<p>El kirchnerismo qued\u00f3 afuera de cualquier lugar expectante, siendo la identidad pol\u00edtica que m\u00e1s pierde representatividad en el Congreso. Terminan sus mandatos Tom\u00e1s Ledesma en Diputados y Stefan\u00eda Cora en el Senado, ambos enrolados en La C\u00e1mpora. A la agrupaci\u00f3n le ofrecieron lugares no entrables en las dos listas, menos la de Allende, y los rechazaron. Entienden que han tenido una conducta en el Congreso que no fue correspondida en estos armados.<\/p>\n<p>Para que el sector est\u00e9 representado se pens\u00f3 en Mart\u00edn Piaggio, en tercer lugar de la lista que encabeza Michel. El ex intendente de Gualeguaych\u00fa no acept\u00f3, pero col\u00f3 como suplente a Mar\u00eda Bel\u00e9n Bir\u00e9, una ex funcionaria en el \u00e1rea de G\u00e9nero, y cuya pareja, Diego S\u00e1nchez, referente de Agmer en la ciudad, fue director del Museo de la Memoria. Ambos militan en la CTA de los Trabajadores que conduce el concejal de Paran\u00e1, Sergio Elizar.<\/p>\n<p>A partir de este lunes comienza otro partido. El de la legalidad. Durante el fin de semana, en la lista de oficialismo partidario, con mayor\u00eda en la junta electoral del PJ, dejaron trascender que la lista de intendentes y PAR no ten\u00eda avales en Paran\u00e1, lo que llam\u00f3 la atenci\u00f3n por la candidatura de Guzm\u00e1n. Hasta ahora habladur\u00edas.<\/p>\n<p>Los requerimientos, en este aspecto, es tener un n\u00famero de avales equivalente al 10 por ciento del padr\u00f3n en siete departamentos. Estos asuntos marcar\u00e1n la agenda de los pr\u00f3ximos d\u00edas.<\/p>\n","protected":false},"excerpt":{"rendered":"<p>La interna del Partido Justicialista tiene, en punta, tres listas para disputar las precandidaturas para el Senado y la C\u00e1mara de Diputados de la Naci\u00f3n el 6 de julio &nbsp; &nbsp; La oficialista la encabeza Ad\u00e1n Bahl, que hasta hace unas semanas ven\u00eda cumpliendo su hoja de ruta que consist\u00eda en guardarse hasta el 2027. En Diputados estar\u00e1 Guillermo Michel, la cara nueva que hasta noviembre de 2023 jug\u00f3 en una liga nacional donde confluyen dirigentes, empresarios e integrantes del Poder Judicial. Desde all\u00ed colabor\u00f3 con la gesti\u00f3n provincial y&#8230;<\/p>\n","protected":false},"author":3,"featured_media":115387,"comment_status":"closed","ping_status":"closed","sticky":false,"template":"","format":"standard","meta":[],"categories":[15],"tags":[],"_links":{"self":[{"href":"https:\/\/www.actualidadadiario.com\/index.php\/wp-json\/wp\/v2\/posts\/129636"}],"collection":[{"href":"https:\/\/www.actualidadadiario.com\/index.php\/wp-json\/wp\/v2\/posts"}],"about":[{"href":"https:\/\/www.actualidadadiario.com\/index.php\/wp-json\/wp\/v2\/types\/post"}],"author":[{"embeddable":true,"href":"https:\/\/www.actualidadadiario.com\/index.php\/wp-json\/wp\/v2\/users\/3"}],"replies":[{"embeddable":true,"href":"https:\/\/www.actualidadadiario.com\/index.php\/wp-json\/wp\/v2\/comments?post=129636"}],"version-history":[{"count":1,"href":"https:\/\/www.actualidadadiario.com\/index.php\/wp-json\/wp\/v2\/posts\/129636\/revisions"}],"predecessor-version":[{"id":129637,"href":"https:\/\/www.actualidadadiario.com\/index.php\/wp-json\/wp\/v2\/posts\/129636\/revisions\/129637"}],"wp:featuredmedia":[{"embeddable":true,"href":"https:\/\/www.actualidadadiario.com\/index.php\/wp-json\/wp\/v2\/media\/115387"}],"wp:attachment":[{"href":"https:\/\/www.actualidadadiario.com\/index.php\/wp-json\/wp\/v2\/media?parent=129636"}],"wp:term":[{"taxonomy":"category","embeddable":true,"href":"https:\/\/www.actualidadadiario.com\/index.php\/wp-json\/wp\/v2\/categories?post=129636"},{"taxonomy":"post_tag","embeddable":true,"href":"https:\/\/www.actualidadadiario.com\/index.php\/wp-json\/wp\/v2\/tags?post=129636"}],"curies":[{"name":"wp","href":"https:\/\/api.w.org\/{rel}","templated":true}]}}