{"id":129633,"date":"2025-06-07T10:31:06","date_gmt":"2025-06-07T13:31:06","guid":{"rendered":"https:\/\/www.actualidadadiario.com\/?p=129633"},"modified":"2025-06-07T10:31:06","modified_gmt":"2025-06-07T13:31:06","slug":"frio-niebla-y-posibles-lluvias-que-dice-el-pronostico-para-este-fin-de-semana-en-entre-rios","status":"publish","type":"post","link":"https:\/\/www.actualidadadiario.com\/index.php\/2025\/06\/07\/frio-niebla-y-posibles-lluvias-que-dice-el-pronostico-para-este-fin-de-semana-en-entre-rios\/","title":{"rendered":"Fr\u00edo, niebla y posibles lluvias: qu\u00e9 dice el pron\u00f3stico para este fin de semana en Entre R\u00edos"},"content":{"rendered":"<p style=\"text-align: center;\"><em><strong>A las bajas temperaturas se le suma la persistencia de nieblas y un pron\u00f3stico de posible m\u00e1s tiempo. Qu\u00e9 dice el Servicio Meteorol\u00f3gico<\/strong><\/em><\/p>\n<p>&nbsp;<\/p>\n<p>&nbsp;<\/p>\n<p>El Servicio Meteorol\u00f3gico Nacional anuncia jornadas fr\u00edas y con alguna m\u00ednima posibilidad de lluvias, seg\u00fan adelant\u00f3 en su pron\u00f3stico. Adem\u00e1s, para toda la ma\u00f1ana de este s\u00e1bado se destacar\u00e1 la presencia de niebla, al igual que ayer, por lo que es necesario extremar las precauciones al circular.<\/p>\n<p>La m\u00ednima este s\u00e1bado ser\u00e1 de tan s\u00f3lo 6 grados, con una ma\u00f1ana con niebla, y una m\u00e1xima de 17 grados en Paran\u00e1. Por la tarde hay algunas probabilidades de lluvias, que no se extender\u00edan para el resto de la jornada ni el fin de semana.<\/p>\n<p>Para el domingo se esperan temperaturas similares, con una m\u00ednima de 6 grados y una m\u00e1xima de 19 grados en la capital provincial, tambi\u00e9n con neblina por la ma\u00f1ana.<\/p>\n<p>En localidades entrerrianas como Gualeguaych\u00fa o Concordia las m\u00ednimas podr\u00edan ser a\u00fan m\u00e1s bajas, en torno a los 4 grados.<\/p>\n<p>Para el comienzo de la semana se esperan valores similares, y reci\u00e9n hacia el jueves o viernes se podr\u00eda percibir un aumento en las temperaturas.<\/p>\n","protected":false},"excerpt":{"rendered":"<p>A las bajas temperaturas se le suma la persistencia de nieblas y un pron\u00f3stico de posible m\u00e1s tiempo. Qu\u00e9 dice el Servicio Meteorol\u00f3gico &nbsp; &nbsp; El Servicio Meteorol\u00f3gico Nacional anuncia jornadas fr\u00edas y con alguna m\u00ednima posibilidad de lluvias, seg\u00fan adelant\u00f3 en su pron\u00f3stico. Adem\u00e1s, para toda la ma\u00f1ana de este s\u00e1bado se destacar\u00e1 la presencia de niebla, al igual que ayer, por lo que es necesario extremar las precauciones al circular. La m\u00ednima este s\u00e1bado ser\u00e1 de tan s\u00f3lo 6 grados, con una ma\u00f1ana con niebla, y una m\u00e1xima&#8230;<\/p>\n","protected":false},"author":3,"featured_media":129634,"comment_status":"closed","ping_status":"closed","sticky":false,"template":"","format":"standard","meta":[],"categories":[15],"tags":[],"_links":{"self":[{"href":"https:\/\/www.actualidadadiario.com\/index.php\/wp-json\/wp\/v2\/posts\/129633"}],"collection":[{"href":"https:\/\/www.actualidadadiario.com\/index.php\/wp-json\/wp\/v2\/posts"}],"about":[{"href":"https:\/\/www.actualidadadiario.com\/index.php\/wp-json\/wp\/v2\/types\/post"}],"author":[{"embeddable":true,"href":"https:\/\/www.actualidadadiario.com\/index.php\/wp-json\/wp\/v2\/users\/3"}],"replies":[{"embeddable":true,"href":"https:\/\/www.actualidadadiario.com\/index.php\/wp-json\/wp\/v2\/comments?post=129633"}],"version-history":[{"count":1,"href":"https:\/\/www.actualidadadiario.com\/index.php\/wp-json\/wp\/v2\/posts\/129633\/revisions"}],"predecessor-version":[{"id":129635,"href":"https:\/\/www.actualidadadiario.com\/index.php\/wp-json\/wp\/v2\/posts\/129633\/revisions\/129635"}],"wp:featuredmedia":[{"embeddable":true,"href":"https:\/\/www.actualidadadiario.com\/index.php\/wp-json\/wp\/v2\/media\/129634"}],"wp:attachment":[{"href":"https:\/\/www.actualidadadiario.com\/index.php\/wp-json\/wp\/v2\/media?parent=129633"}],"wp:term":[{"taxonomy":"category","embeddable":true,"href":"https:\/\/www.actualidadadiario.com\/index.php\/wp-json\/wp\/v2\/categories?post=129633"},{"taxonomy":"post_tag","embeddable":true,"href":"https:\/\/www.actualidadadiario.com\/index.php\/wp-json\/wp\/v2\/tags?post=129633"}],"curies":[{"name":"wp","href":"https:\/\/api.w.org\/{rel}","templated":true}]}}