{"id":129630,"date":"2025-06-07T10:29:37","date_gmt":"2025-06-07T13:29:37","guid":{"rendered":"https:\/\/www.actualidadadiario.com\/?p=129630"},"modified":"2025-06-07T10:29:37","modified_gmt":"2025-06-07T13:29:37","slug":"oser-marcara-el-inicio-de-una-nueva-etapa-en-el-sistema-de-salud-senalo-el-gobierno-provincial","status":"publish","type":"post","link":"https:\/\/www.actualidadadiario.com\/index.php\/2025\/06\/07\/oser-marcara-el-inicio-de-una-nueva-etapa-en-el-sistema-de-salud-senalo-el-gobierno-provincial\/","title":{"rendered":"\u201cOSER marcar\u00e1 el inicio de una nueva etapa en el sistema de salud\u201d, se\u00f1al\u00f3 el Gobierno provincial"},"content":{"rendered":"<p style=\"text-align: center;\"><em><strong>La c\u00e1mara de Diputados convirti\u00f3 en ley la creaci\u00f3n de la OSER y el Gobierno de Entre R\u00edos, destac\u00f3 que se \u201ccontar\u00e1 con un nuevo esquema de obra social que busca modernizar, ampliar y garantizar el acceso a servicios de salud de calidad\u201d<\/strong><\/em><\/p>\n<p>&nbsp;<\/p>\n<p>&nbsp;<\/p>\n<p>En el marco de la sesi\u00f3n especial N\u00b05 del 146\u00b0 per\u00edodo legislativo, la C\u00e1mara de Diputados de Entre R\u00edos aprob\u00f3 este viernes la creaci\u00f3n de la Obra Social de Entre R\u00edos (OSER), iniciativa que ya contaba con media sanci\u00f3n del Senado.<\/p>\n<p>De este modo, \u201cel proyecto fue convertido en ley y marcar\u00e1 el inicio de una nueva etapa en el sistema de salud provincial, en reemplazo del actual Instituto de Obra Social de la Provincia de Entre R\u00edos (Iosper)\u201d, se\u00f1al\u00f3 el Gobierno de Entre R\u00edos en un comunicado emitido tras la aprobaci\u00f3n del proyecto.<\/p>\n<p>\u201cCon esta sanci\u00f3n, la provincia contar\u00e1 con un nuevo esquema de obra social que busca modernizar, ampliar y garantizar el acceso a servicios de salud de calidad para trabajadoras y trabajadores del Estado provincial, as\u00ed como para jubilados y pensionados\u201d, consideraron en el escrito.<\/p>\n<p>La flamante OSER asumir\u00e1 las funciones y obligaciones que hasta el momento estaban a cargo de Iosper, \u201ccon el objetivo de fortalecer la cobertura m\u00e9dica, optimizar recursos y asegurar la sostenibilidad del sistema en el largo plazo\u201d, resaltaron desde el Gobierno.<\/p>\n<p>Durante el tratamiento del proyecto, legisladoras y legisladores \u201cdestacaron el consenso alcanzado y subrayaron la importancia de avanzar hacia un modelo m\u00e1s eficiente, transparente y con mayor capacidad de respuesta ante las demandas sanitarias de la poblaci\u00f3n beneficiaria\u201d, se indic\u00f3 en el escrito difundido ayer.<\/p>\n<p>\u201cLa iniciativa forma parte de una agenda de reformas impulsada por el Poder Ejecutivo con el fin de garantizar derechos esenciales y mejorar la gesti\u00f3n de los organismos p\u00fablicos\u201d, finaliza el comunicado.<\/p>\n","protected":false},"excerpt":{"rendered":"<p>La c\u00e1mara de Diputados convirti\u00f3 en ley la creaci\u00f3n de la OSER y el Gobierno de Entre R\u00edos, destac\u00f3 que se \u201ccontar\u00e1 con un nuevo esquema de obra social que busca modernizar, ampliar y garantizar el acceso a servicios de salud de calidad\u201d &nbsp; &nbsp; En el marco de la sesi\u00f3n especial N\u00b05 del 146\u00b0 per\u00edodo legislativo, la C\u00e1mara de Diputados de Entre R\u00edos aprob\u00f3 este viernes la creaci\u00f3n de la Obra Social de Entre R\u00edos (OSER), iniciativa que ya contaba con media sanci\u00f3n del Senado. De este modo, \u201cel&#8230;<\/p>\n","protected":false},"author":3,"featured_media":129631,"comment_status":"closed","ping_status":"closed","sticky":false,"template":"","format":"standard","meta":[],"categories":[15],"tags":[],"_links":{"self":[{"href":"https:\/\/www.actualidadadiario.com\/index.php\/wp-json\/wp\/v2\/posts\/129630"}],"collection":[{"href":"https:\/\/www.actualidadadiario.com\/index.php\/wp-json\/wp\/v2\/posts"}],"about":[{"href":"https:\/\/www.actualidadadiario.com\/index.php\/wp-json\/wp\/v2\/types\/post"}],"author":[{"embeddable":true,"href":"https:\/\/www.actualidadadiario.com\/index.php\/wp-json\/wp\/v2\/users\/3"}],"replies":[{"embeddable":true,"href":"https:\/\/www.actualidadadiario.com\/index.php\/wp-json\/wp\/v2\/comments?post=129630"}],"version-history":[{"count":1,"href":"https:\/\/www.actualidadadiario.com\/index.php\/wp-json\/wp\/v2\/posts\/129630\/revisions"}],"predecessor-version":[{"id":129632,"href":"https:\/\/www.actualidadadiario.com\/index.php\/wp-json\/wp\/v2\/posts\/129630\/revisions\/129632"}],"wp:featuredmedia":[{"embeddable":true,"href":"https:\/\/www.actualidadadiario.com\/index.php\/wp-json\/wp\/v2\/media\/129631"}],"wp:attachment":[{"href":"https:\/\/www.actualidadadiario.com\/index.php\/wp-json\/wp\/v2\/media?parent=129630"}],"wp:term":[{"taxonomy":"category","embeddable":true,"href":"https:\/\/www.actualidadadiario.com\/index.php\/wp-json\/wp\/v2\/categories?post=129630"},{"taxonomy":"post_tag","embeddable":true,"href":"https:\/\/www.actualidadadiario.com\/index.php\/wp-json\/wp\/v2\/tags?post=129630"}],"curies":[{"name":"wp","href":"https:\/\/api.w.org\/{rel}","templated":true}]}}