{"id":129626,"date":"2025-06-07T10:27:55","date_gmt":"2025-06-07T13:27:55","guid":{"rendered":"https:\/\/www.actualidadadiario.com\/?p=129626"},"modified":"2025-06-07T10:28:06","modified_gmt":"2025-06-07T13:28:06","slug":"el-bloque-justicialista-de-diputados-se-opuso-a-la-ley-que-elimina-el-iosper-es-un-grave-error-senalo-stratta","status":"publish","type":"post","link":"https:\/\/www.actualidadadiario.com\/index.php\/2025\/06\/07\/el-bloque-justicialista-de-diputados-se-opuso-a-la-ley-que-elimina-el-iosper-es-un-grave-error-senalo-stratta\/","title":{"rendered":"El bloque justicialista de Diputados se opuso a la ley que elimina el Iosper. \u201cEs un grave error\u201d, se\u00f1al\u00f3 Stratta"},"content":{"rendered":"<p style=\"text-align: center;\"><em><strong>El bloque de diputados \u201cM\u00e1s Para Entre R\u00edos\u201d no vot\u00f3 el proyecto de ley del Poder Ejecutivo que crea la Obra Social de Entre R\u00edos\u00a0 (OSER), eliminando el actual Iosper y adjudic\u00e1ndole al gobierno provincial el control de la obra social de los trabajadores estatales<\/strong><\/em><\/p>\n<p>&nbsp;<\/p>\n<p>&nbsp;<\/p>\n<p>Durante una sesi\u00f3n que se extendi\u00f3 durante varias horas este viernes, las y los diputados justicialistas explicaron su oposici\u00f3n al proyecto \u201cles quita a los trabajadores el manejo de su obra social y lo concentra en el Poder Ejecutivo; que debilita los controles y no ofrece ninguna garant\u00eda, no ya de mejoras, sino siquiera de mantener el nivel actual de servicios\u201d, seg\u00fan explic\u00f3 la presidenta de la banca, Laura Stratta.<\/p>\n<p>En el debate hablaron las diputadas Stratta, Andrea Zoff, Silvia Moreno, Mariel \u00c1vila, Lorena Arrozogay y Silvia Decc\u00f3; al igual que los diputados Enrique Cresto, Yari Seyler, Juan Jos\u00e9 Bahillo y Sergio Castrillon.\u00a0 Todos coincidieron en marcar que el proyecto es innecesario y que traer\u00e1 aparejados a los trabajadores estatales y sus familias.<\/p>\n<p>La legisladora remarc\u00f3 que el proyecto del Ejecutivo tuvo dictamen de comisi\u00f3n en el Senado en base a la figura de la abstenci\u00f3n de algunas legisladoras, una figura que no existe para los dict\u00e1menes de comisi\u00f3n, que se apoyan o no. Y tambi\u00e9n critic\u00f3 los tiempos de tratamiento que tuvo el proyecto, especialmente en Diputados, donde transcurrieron 19 horas desde el ingreso del proyecto (que ven\u00eda con media sanci\u00f3n del Senado) hasta que el oficialismo emiti\u00f3 un dictamen de mayor\u00eda sin realizar ninguna modificaci\u00f3n. \u201cFue un tratamiento express y dir\u00eda yo figurativo, decorativo, el que tuvimos en la C\u00e1mara de Diputados\u201d, y acot\u00f3 que al igual que pas\u00f3 en el Senado, en la C\u00e1mara baja el dictamen del oficialismo se produjo cuando todav\u00eda los invitados estaban exponiendo con comisi\u00f3n.<\/p>\n<p>Stratta cit\u00f3 la postura que tuvo la Federaci\u00f3n M\u00e9dica de Entre R\u00edos en el Senado, donde sus representantes indicaron que no se opon\u00edan a los cambios, pero no s\u00ed si estos cambios ten\u00edan que aprobarse en 15 d\u00edas. \u201cImag\u00ednense que si 15 d\u00edas les parecieron poco, que dir\u00edan aqu\u00ed, que lo tratamos en menos de 24 horas\u201d, indic\u00f3.<\/p>\n<p>La diputada tambi\u00e9n critic\u00f3 el trato que se le dio a los trabajadores del Iosper desde el gobierno y la intervenci\u00f3n del Iosper. \u201cHablaron de boicot\u00a0 de los empleados del Iosper, de curro, de pelea por la caja. Seguramente los diputados y diputadas que estamos ac\u00e1 conocemos a muchos trabajadores del Iosper, personas que tienen 20 o 30 a\u00f1os de antig\u00fcedad\u2026\u00a0 a ellos se los acusa de boicot es lo que es casi una caza de bruja. Son personas angustiadas y preocupadas por el futuro del Iosper, y\u00a0 varios de ellos fueron notificados de que les sacan las funciones y los trasladan, por haber tomado postura en contra de la creaci\u00f3n de OSER\u201d, se\u00f1al\u00f3.<\/p>\n<p>En otra parte de su exposici\u00f3n, Stratta apunt\u00f3 a los dichos del interventor Mariano Gallegos en medios de comunicaci\u00f3n o cuando concurri\u00f3 a las comisiones legislativas. \u201cNegaba lo que una esposa y una hija doliente de un paciente fallecido dec\u00edan sobre la demora en la provisi\u00f3n de un marcapasos. Pobre familia, que tuvo que salir a desmentirlo en el medio del dolor. Algo parecido dijo aqu\u00ed el interventor de los pacientes que presentan amparos judiciales. Dijo textual: los que presentan amparos son los que se quieren saltear del lugar que les toca en la cola\u201d, record\u00f3.<\/p>\n<p>Y agreg\u00f3: \u201cLe preguntamos a los interventores d\u00f3nde est\u00e1n los datos de la auditoria, los informes mensuales que deb\u00edan elaborar y no est\u00e1n. Tienen una ley de transparencia y de Acceso a la Informaci\u00f3n P\u00fablica, pero\u00a0 los informes no est\u00e1n.\u00a0 Ni siquiera pudimos acceder a ellos a trav\u00e9s de Pedidos de Informes presentados en esta C\u00e1mara\u201d, a\u00f1adi\u00f3.<\/p>\n<p>Stratta dijo que la intervenci\u00f3n \u201cno tiene nada para mostrar, m\u00e1s bien somos nosotros quienes debemos decir lo que nos cuentan los afiliados: como aumentaron los coseguros y la falta de entrega de los medicamentos oncol\u00f3gicos y de los medicamentos cr\u00f3nicos\u201d. Igualmente se refiri\u00f3 a otras medidas de la intervenci\u00f3n: \u201cLos pacientes de Paran\u00e1 y Paran\u00e1 Campa\u00f1a tienen que hacerse pr\u00e1cticas espec\u00edficas en el Cemener, lo que no solo impide la libertad de elecci\u00f3n, y satura al Cemener que est\u00e1 dando turnos para estudios con anestesia reci\u00e9n para febrero de 2026\u201d.<\/p>\n<p>Luego de repasar otros aspectos cr\u00edticos de las medidas que puso en marcha la actual intervenci\u00f3n, Stratta sostuvo que \u201cpara mejorar el Iosper, transparentar los procesos y dar respuesta a las demandas de los afiliados no es necesaria una nueva ley, no es necesaria la eliminaci\u00f3n del organismo\u201d. Igualmente afirm\u00f3 que el texto de la ley de creaci\u00f3n de OSER va en contra de los principios de eficiencia y transparencia que declama el oficialismo.<\/p>\n<p>Finalmente consider\u00f3 que aprobar el proyecto es \u201cun gran error, que va en detrimento de los afiliados 300.000, que va en detrimemento de la construcci\u00f3n de consensos para tener instituciones fuertes.\u00a0 Nosotros queremos un Iosper fuerte que de respuesta a las demandas de sus afiliados, con dialogo, con construcci\u00f3n de consenso, con los trabajadores adentro y con los afiliados en el centro de la escena\u201d.<\/p>\n","protected":false},"excerpt":{"rendered":"<p>El bloque de diputados \u201cM\u00e1s Para Entre R\u00edos\u201d no vot\u00f3 el proyecto de ley del Poder Ejecutivo que crea la Obra Social de Entre R\u00edos\u00a0 (OSER), eliminando el actual Iosper y adjudic\u00e1ndole al gobierno provincial el control de la obra social de los trabajadores estatales &nbsp; &nbsp; Durante una sesi\u00f3n que se extendi\u00f3 durante varias horas este viernes, las y los diputados justicialistas explicaron su oposici\u00f3n al proyecto \u201cles quita a los trabajadores el manejo de su obra social y lo concentra en el Poder Ejecutivo; que debilita los controles&#8230;<\/p>\n","protected":false},"author":3,"featured_media":129627,"comment_status":"closed","ping_status":"closed","sticky":false,"template":"","format":"standard","meta":[],"categories":[15],"tags":[],"_links":{"self":[{"href":"https:\/\/www.actualidadadiario.com\/index.php\/wp-json\/wp\/v2\/posts\/129626"}],"collection":[{"href":"https:\/\/www.actualidadadiario.com\/index.php\/wp-json\/wp\/v2\/posts"}],"about":[{"href":"https:\/\/www.actualidadadiario.com\/index.php\/wp-json\/wp\/v2\/types\/post"}],"author":[{"embeddable":true,"href":"https:\/\/www.actualidadadiario.com\/index.php\/wp-json\/wp\/v2\/users\/3"}],"replies":[{"embeddable":true,"href":"https:\/\/www.actualidadadiario.com\/index.php\/wp-json\/wp\/v2\/comments?post=129626"}],"version-history":[{"count":2,"href":"https:\/\/www.actualidadadiario.com\/index.php\/wp-json\/wp\/v2\/posts\/129626\/revisions"}],"predecessor-version":[{"id":129629,"href":"https:\/\/www.actualidadadiario.com\/index.php\/wp-json\/wp\/v2\/posts\/129626\/revisions\/129629"}],"wp:featuredmedia":[{"embeddable":true,"href":"https:\/\/www.actualidadadiario.com\/index.php\/wp-json\/wp\/v2\/media\/129627"}],"wp:attachment":[{"href":"https:\/\/www.actualidadadiario.com\/index.php\/wp-json\/wp\/v2\/media?parent=129626"}],"wp:term":[{"taxonomy":"category","embeddable":true,"href":"https:\/\/www.actualidadadiario.com\/index.php\/wp-json\/wp\/v2\/categories?post=129626"},{"taxonomy":"post_tag","embeddable":true,"href":"https:\/\/www.actualidadadiario.com\/index.php\/wp-json\/wp\/v2\/tags?post=129626"}],"curies":[{"name":"wp","href":"https:\/\/api.w.org\/{rel}","templated":true}]}}