{"id":129620,"date":"2025-06-07T10:24:58","date_gmt":"2025-06-07T13:24:58","guid":{"rendered":"https:\/\/www.actualidadadiario.com\/?p=129620"},"modified":"2025-06-07T10:24:58","modified_gmt":"2025-06-07T13:24:58","slug":"frigerio-destaco-el-rol-de-los-periodistas-en-democracia-y-valoro-su-funcion-de-incomodar-al-poder","status":"publish","type":"post","link":"https:\/\/www.actualidadadiario.com\/index.php\/2025\/06\/07\/frigerio-destaco-el-rol-de-los-periodistas-en-democracia-y-valoro-su-funcion-de-incomodar-al-poder\/","title":{"rendered":"Frigerio destac\u00f3 el rol de los periodistas en democracia y valor\u00f3 su funci\u00f3n de \u201cincomodar al poder\u201d"},"content":{"rendered":"<p style=\"text-align: center;\"><em><strong>En el marco del D\u00eda del Periodista, el gobernador Rogelio Frigerio felicit\u00f3 a los trabajadores de prensa. Subray\u00f3 la importancia de la \u00e9tica, la b\u00fasqueda de la verdad y el rol de los medios para fortalecer la democracia<\/strong><\/em><\/p>\n<p>&nbsp;<\/p>\n<p>&nbsp;<\/p>\n<p>El gobernador de Entre R\u00edos, Rogelio Frigerio particip\u00f3 de un agasajo realizado en la Sala Antequeda de Paran\u00e1, donde comparti\u00f3 un brindis con trabajadores de prensa de distintos medios de la provincia. En ese contexto, expres\u00f3 un mensaje de reconocimiento hacia el oficio.<\/p>\n<p>\u201cPrimero, m\u00e1s que un mensaje, es felicitarlos por su d\u00eda\u201d, se\u00f1al\u00f3 Frigerio al ser consultado sobre sus palabras para los periodistas. Y a\u00f1adi\u00f3 que \u201cen este a\u00f1o y medio de gesti\u00f3n he tenido mucha cercan\u00eda con ellos. Hemos tenido conferencias de prensa, reportajes, me han acompa\u00f1ado en esta tarea obligada que tienen los funcionarios de transmitir las acciones de gobierno. As\u00ed que, adem\u00e1s, agradezco por ese trabajo\u201d.<\/p>\n<p>El mandatario remarc\u00f3 que la actividad period\u00edstica se ejerce hoy en un contexto de grandes transformaciones. \u201cEstamos en una \u00e9poca compleja para todos, pero quiz\u00e1 de manera especial para los periodistas, habida cuenta de los vertiginosos cambios que se est\u00e1n viviendo en esta tem\u00e1tica\u201d, afirm\u00f3.<\/p>\n<p>&nbsp;<\/p>\n<p><strong>Valores y desaf\u00edos del periodismo<\/strong><\/p>\n<p>En ese sentido, Frigerio reflexion\u00f3 sobre las nuevas formas de comunicar y las exigencias de la audiencia. \u201cHay muchos cambios en la demanda de la gente sobre qu\u00e9 y c\u00f3mo quiere que se comuniquen las cosas\u201d.<\/p>\n<p>No obstante, asegur\u00f3 que hay principios que deben sostenerse, \u201cm\u00e1s all\u00e1 de los cambios y del paso del tiempo, hay cosas que tienen que ver con la \u00e9tica, con los valores del periodismo, con la b\u00fasqueda de la verdad y con un tema que los funcionarios tienen que entender, que tambi\u00e9n forma parte de la obligaci\u00f3n del periodismo: incomodar a los que detentan circunstancialmente una cuota de poder\u201d.<\/p>\n<p>Consultado sobre el rol que cumplen los medios en el fortalecimiento de las instituciones, Frigerio fue claro y asegur\u00f3 que \u201ces fundamental. Hay que comunicar lo que est\u00e1 pasando, los hechos de gobierno, tambi\u00e9n, por supuesto, las cosas que se hacen mal\u201d.<\/p>\n<p>Sin embargo, tambi\u00e9n llam\u00f3 a generar un equilibrio informativo. \u201cHace falta tener predisposici\u00f3n para comunicar las cosas que se hacen bien, y ese equilibrio es parte de los desaf\u00edos de los periodistas\u201d.<\/p>\n","protected":false},"excerpt":{"rendered":"<p>En el marco del D\u00eda del Periodista, el gobernador Rogelio Frigerio felicit\u00f3 a los trabajadores de prensa. Subray\u00f3 la importancia de la \u00e9tica, la b\u00fasqueda de la verdad y el rol de los medios para fortalecer la democracia &nbsp; &nbsp; El gobernador de Entre R\u00edos, Rogelio Frigerio particip\u00f3 de un agasajo realizado en la Sala Antequeda de Paran\u00e1, donde comparti\u00f3 un brindis con trabajadores de prensa de distintos medios de la provincia. En ese contexto, expres\u00f3 un mensaje de reconocimiento hacia el oficio. \u201cPrimero, m\u00e1s que un mensaje, es felicitarlos&#8230;<\/p>\n","protected":false},"author":3,"featured_media":129621,"comment_status":"closed","ping_status":"closed","sticky":false,"template":"","format":"standard","meta":[],"categories":[15],"tags":[],"_links":{"self":[{"href":"https:\/\/www.actualidadadiario.com\/index.php\/wp-json\/wp\/v2\/posts\/129620"}],"collection":[{"href":"https:\/\/www.actualidadadiario.com\/index.php\/wp-json\/wp\/v2\/posts"}],"about":[{"href":"https:\/\/www.actualidadadiario.com\/index.php\/wp-json\/wp\/v2\/types\/post"}],"author":[{"embeddable":true,"href":"https:\/\/www.actualidadadiario.com\/index.php\/wp-json\/wp\/v2\/users\/3"}],"replies":[{"embeddable":true,"href":"https:\/\/www.actualidadadiario.com\/index.php\/wp-json\/wp\/v2\/comments?post=129620"}],"version-history":[{"count":1,"href":"https:\/\/www.actualidadadiario.com\/index.php\/wp-json\/wp\/v2\/posts\/129620\/revisions"}],"predecessor-version":[{"id":129622,"href":"https:\/\/www.actualidadadiario.com\/index.php\/wp-json\/wp\/v2\/posts\/129620\/revisions\/129622"}],"wp:featuredmedia":[{"embeddable":true,"href":"https:\/\/www.actualidadadiario.com\/index.php\/wp-json\/wp\/v2\/media\/129621"}],"wp:attachment":[{"href":"https:\/\/www.actualidadadiario.com\/index.php\/wp-json\/wp\/v2\/media?parent=129620"}],"wp:term":[{"taxonomy":"category","embeddable":true,"href":"https:\/\/www.actualidadadiario.com\/index.php\/wp-json\/wp\/v2\/categories?post=129620"},{"taxonomy":"post_tag","embeddable":true,"href":"https:\/\/www.actualidadadiario.com\/index.php\/wp-json\/wp\/v2\/tags?post=129620"}],"curies":[{"name":"wp","href":"https:\/\/api.w.org\/{rel}","templated":true}]}}