{"id":129607,"date":"2025-06-06T11:46:57","date_gmt":"2025-06-06T14:46:57","guid":{"rendered":"https:\/\/www.actualidadadiario.com\/?p=129607"},"modified":"2025-06-06T11:46:57","modified_gmt":"2025-06-06T14:46:57","slug":"tras-la-crisis-en-el-garrahan-el-senado-convoca-a-lugones-y-evalua-interpelarlo","status":"publish","type":"post","link":"https:\/\/www.actualidadadiario.com\/index.php\/2025\/06\/06\/tras-la-crisis-en-el-garrahan-el-senado-convoca-a-lugones-y-evalua-interpelarlo\/","title":{"rendered":"Tras la crisis en el Garrahan, el Senado convoca a Lugones y eval\u00faa interpelarlo"},"content":{"rendered":"<p style=\"text-align: center;\"><em><strong>Aunque a\u00fan no hay fecha definida, distintos bloques en la C\u00e1mara alta acordaron convocar al ministro de Salud. Eval\u00faan incluso sesionar en el hospital<\/strong><\/em><\/p>\n<p>&nbsp;<\/p>\n<p>&nbsp;<\/p>\n<p>Mientras en Diputados naufrag\u00f3 el intento de declarar la emergencia en salud pedi\u00e1trica, el Senado avanz\u00f3 en otra direcci\u00f3n: distintos bloques pol\u00edticos acordaron en la Comisi\u00f3n de Salud convocar nuevamente al ministro de Salud de la Naci\u00f3n, Mario Lugones, para que brinde explicaciones sobre su gesti\u00f3n, en especial, respecto al conflicto que se desat\u00f3 en el Hospital Garrahan.<\/p>\n<p>Aunque a\u00fan no se fij\u00f3 una fecha concreta, hubo consenso en torno a la citaci\u00f3n. Incluso, se desliz\u00f3 la posibilidad de que la Comisi\u00f3n de Salud realice una sesi\u00f3n especial en el propio hospital, epicentro de las denuncias por presiones a trabajadores y residentes.<\/p>\n<p>&nbsp;<\/p>\n<p><strong>Fern\u00e1ndez Sagasti: \u201cHay que volver a citarlo y si no vamos a tener que hacer una interpelaci\u00f3n\u201d<\/strong><\/p>\n<p>La senadora mendocina Anabel Fern\u00e1ndez Sagasti (Uni\u00f3n por la Patria) fue una de las impulsoras de la convocatoria a Lugones. En el marco de la comisi\u00f3n, afirm\u00f3: \u201cHay que volver a citarlo y si no vamos a tener que hacer una interpelaci\u00f3n, lamentablemente\u201d.<\/p>\n<p>La legisladora se\u00f1al\u00f3 que \u201cnos corresponde como integrantes de esta comisi\u00f3n escuchar cu\u00e1l es el plan que tiene el ministro con cierres de \u00e1reas tan caras a la salud de la Argentina, como es el Instituto Nacional del C\u00e1ncer, todos los organismos de infectolog\u00eda y ahora el conflicto del Garrahan, que es la punta del iceberg de todas las instituciones que atienden graves patolog\u00edas en la ni\u00f1ez\u201d.<\/p>\n<p>El planteo de Fern\u00e1ndez Sagasti recibi\u00f3 el respaldo de otras senadoras como Carolina Mois\u00e9s (Convicci\u00f3n Federal), Edith Terenzi (Despierta Chubut) y Luc\u00eda Corpacci (Uni\u00f3n por la Patria). Cabe recordar que el ministro Lugones ya fue convocado en varias ocasiones por Diputados, sin que haya asistido a responder.<\/p>\n<p>&nbsp;<\/p>\n<p><strong>Avances en otros proyectos: emergencia en discapacidad y donaci\u00f3n de \u00f3rganos<\/strong><\/p>\n<p>En paralelo a la convocatoria al titular de la cartera sanitaria, la Comisi\u00f3n de Salud del Senado avanz\u00f3 con el tratamiento de otras iniciativas. Durante la madrugada del jueves se aprob\u00f3 la declaraci\u00f3n de emergencia para el \u00e1rea de discapacidad.<\/p>\n<p>Adem\u00e1s, obtuvo dictamen un proyecto impulsado por el senador pampeano Daniel Bensus\u00e1n (Uni\u00f3n por la Patria), que apunta a garantizar un sistema de donaci\u00f3n de \u00f3rganos de menores de edad post mortem, con la autorizaci\u00f3n de sus progenitores.<\/p>\n<p>&nbsp;<\/p>\n<p><strong>Denuncias desde el Garrahan: amenazas y presiones a los residentes<\/strong><\/p>\n<p>La situaci\u00f3n en el Hospital Garrahan sigue generando preocupaci\u00f3n. Profesionales del centro de salud denunciaron p\u00fablicamente que el Gobierno y las autoridades del hospital presionaron a residentes para que desistan de una medida de fuerza prevista para este mi\u00e9rcoles. Frente a este escenario, muchos trabajadores decidieron levantar el paro.<\/p>\n<p>Carolina Goedelman, jefa cl\u00ednica del \u00e1rea de Hematolog\u00eda del Laboratorio Central e integrante de la Comisi\u00f3n Directiva de la Asociaci\u00f3n de Profesionales y T\u00e9cnicos del hospital, revel\u00f3 que los residentes recibieron amenazas con posibles reemplazos y despidos. \u201cPrimero lleg\u00f3 un aviso a los jefes de que iban a contratar m\u00e9dicos pediatras para reemplazar a estos residentes\u201d, indic\u00f3 en declaraciones radiales.<\/p>\n<p>Seg\u00fan relat\u00f3, la situaci\u00f3n escal\u00f3 a lo largo del d\u00eda. \u201cDespu\u00e9s, a la tarde, les llegaron a los residentes telegramas, avisando de que si no se levantaban las medidas de fuerza se iban a aplicar sanciones que pod\u00edan incluir los despidos\u201d, detall\u00f3.<\/p>\n<p>Tambi\u00e9n mencion\u00f3 presiones verbales: \u201cVerbalmente se les dijo que estaban los telegramas de despido escritos y que si no se levantaban las medidas se iban a enviar. As\u00ed que los residentes levantaron la medida. Los amenazaron\u201d.<\/p>\n<p>&nbsp;<\/p>\n<p><strong>Lugones imputado por el manejo del Garrahan<\/strong><\/p>\n<p>El conflicto se agrav\u00f3 esta semana con una novedad judicial: el fiscal federal Guillermo Marijuan imput\u00f3 al ministro Mario Lugones por presuntas irregularidades en la conducci\u00f3n del Hospital Garrahan. La denuncia fue impulsada por Elisa Carri\u00f3 y la diputada Marcela Campagnoli, quienes lo acusan de haber solicitado \u2014con consentimiento de sus superiores\u2014 la renuncia del Consejo Directivo del hospital \u201cde manera arbitraria y contraria a la normativa\u201d.<\/p>\n<p>&nbsp;<\/p>\n<p><strong>La respuesta del ministro: \u201cEl mandato popular es muy claro\u201d<\/strong><\/p>\n<p>Ante las acusaciones, el ministro de Salud brind\u00f3 su versi\u00f3n a trav\u00e9s de redes sociales. En un comunicado, sostuvo: \u201cEl mandato popular es muy claro: los recursos de los hospitales deben destinarse al personal de salud, no a la militancia rentada\u201d.<\/p>\n<p>Adem\u00e1s, afirm\u00f3 que se est\u00e1 impulsando \u201cuna nueva etapa orientada al orden, la eficiencia y el reconocimiento al m\u00e9rito, impulsada por el Ministerio de Salud en todos los hospitales nacionales\u201d.<\/p>\n<p>&nbsp;<\/p>\n<p><strong>La agenda del Senado y el futuro de la citaci\u00f3n<\/strong><\/p>\n<p>La C\u00e1mara alta a\u00fan debe definir la fecha en la que el ministro Lugones deber\u00e1 comparecer. Mientras tanto, el reclamo de legisladores y profesionales de la salud contin\u00faa creciendo, en un contexto marcado por el ajuste en \u00e1reas sensibles y el malestar en los hospitales nacionales.<\/p>\n<p>La pr\u00f3xima aparici\u00f3n del ministro en el Congreso podr\u00eda ser clave no solo para responder sobre el Garrahan, sino tambi\u00e9n para dar cuenta de un plan sanitario integral ante las crecientes demandas por parte de distintos sectores del sistema de salud.<\/p>\n","protected":false},"excerpt":{"rendered":"<p>Aunque a\u00fan no hay fecha definida, distintos bloques en la C\u00e1mara alta acordaron convocar al ministro de Salud. Eval\u00faan incluso sesionar en el hospital &nbsp; &nbsp; Mientras en Diputados naufrag\u00f3 el intento de declarar la emergencia en salud pedi\u00e1trica, el Senado avanz\u00f3 en otra direcci\u00f3n: distintos bloques pol\u00edticos acordaron en la Comisi\u00f3n de Salud convocar nuevamente al ministro de Salud de la Naci\u00f3n, Mario Lugones, para que brinde explicaciones sobre su gesti\u00f3n, en especial, respecto al conflicto que se desat\u00f3 en el Hospital Garrahan. Aunque a\u00fan no se fij\u00f3 una&#8230;<\/p>\n","protected":false},"author":3,"featured_media":129492,"comment_status":"closed","ping_status":"closed","sticky":false,"template":"","format":"standard","meta":[],"categories":[18],"tags":[],"_links":{"self":[{"href":"https:\/\/www.actualidadadiario.com\/index.php\/wp-json\/wp\/v2\/posts\/129607"}],"collection":[{"href":"https:\/\/www.actualidadadiario.com\/index.php\/wp-json\/wp\/v2\/posts"}],"about":[{"href":"https:\/\/www.actualidadadiario.com\/index.php\/wp-json\/wp\/v2\/types\/post"}],"author":[{"embeddable":true,"href":"https:\/\/www.actualidadadiario.com\/index.php\/wp-json\/wp\/v2\/users\/3"}],"replies":[{"embeddable":true,"href":"https:\/\/www.actualidadadiario.com\/index.php\/wp-json\/wp\/v2\/comments?post=129607"}],"version-history":[{"count":1,"href":"https:\/\/www.actualidadadiario.com\/index.php\/wp-json\/wp\/v2\/posts\/129607\/revisions"}],"predecessor-version":[{"id":129608,"href":"https:\/\/www.actualidadadiario.com\/index.php\/wp-json\/wp\/v2\/posts\/129607\/revisions\/129608"}],"wp:featuredmedia":[{"embeddable":true,"href":"https:\/\/www.actualidadadiario.com\/index.php\/wp-json\/wp\/v2\/media\/129492"}],"wp:attachment":[{"href":"https:\/\/www.actualidadadiario.com\/index.php\/wp-json\/wp\/v2\/media?parent=129607"}],"wp:term":[{"taxonomy":"category","embeddable":true,"href":"https:\/\/www.actualidadadiario.com\/index.php\/wp-json\/wp\/v2\/categories?post=129607"},{"taxonomy":"post_tag","embeddable":true,"href":"https:\/\/www.actualidadadiario.com\/index.php\/wp-json\/wp\/v2\/tags?post=129607"}],"curies":[{"name":"wp","href":"https:\/\/api.w.org\/{rel}","templated":true}]}}