{"id":129441,"date":"2025-06-02T10:28:16","date_gmt":"2025-06-02T13:28:16","guid":{"rendered":"https:\/\/www.actualidadadiario.com\/?p=129441"},"modified":"2025-06-02T10:28:16","modified_gmt":"2025-06-02T13:28:16","slug":"esta-semana-vuelven-a-subir-las-temperaturas","status":"publish","type":"post","link":"https:\/\/www.actualidadadiario.com\/index.php\/2025\/06\/02\/esta-semana-vuelven-a-subir-las-temperaturas\/","title":{"rendered":"Esta semana vuelven a subir las temperaturas"},"content":{"rendered":"<p style=\"text-align: center;\"><em><strong>Durante los pr\u00f3ximos d\u00edas se registrar\u00e1n temperaturas m\u00e1s agradables. No obstante, otro frente fr\u00edo podr\u00eda llegar el fin de semana pr\u00f3ximo<\/strong><\/em><\/p>\n<p>&nbsp;<\/p>\n<p>&nbsp;<\/p>\n<p>El Servicio Meteorol\u00f3gico Nacional -SMN- informa que este lunes 2 de junio se presenta con buenas condiciones del tiempo en Entre R\u00edos. No hay anuncio de lluvias y el d\u00eda estar\u00e1 mayormente solado, con algunas pocas nubes.<\/p>\n<p>Esta semana se espera un repunte gradual de las temperaturas en la provincia. Tras la ola de fr\u00edo de la semana pasada, esta vez mermar\u00e1n las t\u00e9rmicas y se registrar\u00e1n valores m\u00e1s acordes con el oto\u00f1o.<\/p>\n<p>Para este lunes, las temperaturas m\u00ednimas ser\u00e1n de entre 4 y 6 grados, mientras que las m\u00e1ximas subir\u00e1n hasta los 18 grados. Hasta el viernes habr\u00e1 un aumento progresivo de temperaturas.<\/p>\n<p>Durante la semana se esperan m\u00ednimas de entre 10 y 11 grados, mientras que las m\u00e1ximas subir\u00e1n hasta los 20 grados. En tanto, el pr\u00f3ximo s\u00e1bado se espera la llegada de una nueva ola de fr\u00edo.<\/p>\n<p>&nbsp;<\/p>\n<p><strong>Pron\u00f3stico para hoy<\/strong><\/p>\n<p>En Paran\u00e1, La Paz, Villaguay, Diamante y Nogoy\u00e1 la m\u00ednima ser\u00e1 de 6 grados y la m\u00e1xima alcanzar\u00e1 los 18 grados. En la capital y alrededores se espera una jornada con cielo algo nublado.<\/p>\n<p>En Concordia, Federal, Feliciano, Federaci\u00f3n y San Salvador, en tanto, se aguarda una m\u00ednima de 4 grados y una m\u00e1xima de 18 grados. All\u00ed tambi\u00e9n se prev\u00e9 un d\u00eda soleado con algunas nubes.<\/p>\n<p>En Gualeguaych\u00fa, Col\u00f3n, Uruguay, Tala e Islas, se espera una m\u00ednima de 5 grados y una m\u00e1xima de 17 grados. El d\u00eda comenzar\u00e1 algo nublado y finalizar\u00e1 parcialmente nublado.<\/p>\n<p>Finalmente, en Victoria y Gualeguay anuncian 4 grados de m\u00ednima y 19 grados de m\u00e1xima, con neblinas de ma\u00f1ana y parcialmente nublado.<\/p>\n","protected":false},"excerpt":{"rendered":"<p>Durante los pr\u00f3ximos d\u00edas se registrar\u00e1n temperaturas m\u00e1s agradables. No obstante, otro frente fr\u00edo podr\u00eda llegar el fin de semana pr\u00f3ximo &nbsp; &nbsp; El Servicio Meteorol\u00f3gico Nacional -SMN- informa que este lunes 2 de junio se presenta con buenas condiciones del tiempo en Entre R\u00edos. No hay anuncio de lluvias y el d\u00eda estar\u00e1 mayormente solado, con algunas pocas nubes. Esta semana se espera un repunte gradual de las temperaturas en la provincia. Tras la ola de fr\u00edo de la semana pasada, esta vez mermar\u00e1n las t\u00e9rmicas y se registrar\u00e1n&#8230;<\/p>\n","protected":false},"author":3,"featured_media":89008,"comment_status":"closed","ping_status":"closed","sticky":false,"template":"","format":"standard","meta":[],"categories":[15],"tags":[],"_links":{"self":[{"href":"https:\/\/www.actualidadadiario.com\/index.php\/wp-json\/wp\/v2\/posts\/129441"}],"collection":[{"href":"https:\/\/www.actualidadadiario.com\/index.php\/wp-json\/wp\/v2\/posts"}],"about":[{"href":"https:\/\/www.actualidadadiario.com\/index.php\/wp-json\/wp\/v2\/types\/post"}],"author":[{"embeddable":true,"href":"https:\/\/www.actualidadadiario.com\/index.php\/wp-json\/wp\/v2\/users\/3"}],"replies":[{"embeddable":true,"href":"https:\/\/www.actualidadadiario.com\/index.php\/wp-json\/wp\/v2\/comments?post=129441"}],"version-history":[{"count":1,"href":"https:\/\/www.actualidadadiario.com\/index.php\/wp-json\/wp\/v2\/posts\/129441\/revisions"}],"predecessor-version":[{"id":129442,"href":"https:\/\/www.actualidadadiario.com\/index.php\/wp-json\/wp\/v2\/posts\/129441\/revisions\/129442"}],"wp:featuredmedia":[{"embeddable":true,"href":"https:\/\/www.actualidadadiario.com\/index.php\/wp-json\/wp\/v2\/media\/89008"}],"wp:attachment":[{"href":"https:\/\/www.actualidadadiario.com\/index.php\/wp-json\/wp\/v2\/media?parent=129441"}],"wp:term":[{"taxonomy":"category","embeddable":true,"href":"https:\/\/www.actualidadadiario.com\/index.php\/wp-json\/wp\/v2\/categories?post=129441"},{"taxonomy":"post_tag","embeddable":true,"href":"https:\/\/www.actualidadadiario.com\/index.php\/wp-json\/wp\/v2\/tags?post=129441"}],"curies":[{"name":"wp","href":"https:\/\/api.w.org\/{rel}","templated":true}]}}