{"id":129433,"date":"2025-06-02T10:24:53","date_gmt":"2025-06-02T13:24:53","guid":{"rendered":"https:\/\/www.actualidadadiario.com\/?p=129433"},"modified":"2025-06-02T10:24:53","modified_gmt":"2025-06-02T13:24:53","slug":"fuerte-presencia-de-los-intendentes-en-la-lista-de-bahl-y-michel","status":"publish","type":"post","link":"https:\/\/www.actualidadadiario.com\/index.php\/2025\/06\/02\/fuerte-presencia-de-los-intendentes-en-la-lista-de-bahl-y-michel\/","title":{"rendered":"Fuerte presencia de los intendentes en la lista de Bahl y Michel"},"content":{"rendered":"<p style=\"text-align: center;\"><em><strong>Adriana Meza y Daniel Ben\u00edtez, jefes comunales de Los Conquistadores y de Puerto Yeru\u00e1, formar\u00e1n parte de la lista que encabezar\u00e1n Ad\u00e1n Bahl y Guillermo Michel<\/strong><\/em><\/p>\n<p>&nbsp;<\/p>\n<p>&nbsp;<\/p>\n<p>En la reuni\u00f3n llevada a cabo en Maci\u00e1 se plante\u00f3 la voluntad de que el interior profundo de la provincia tenga representaci\u00f3n en la lista. En ese marco, surgieron los nombres de Adriana Meza y Daniel Ben\u00edtez para ocupar puestos expectantes.<\/p>\n<p>Ambos se destacan por su desempe\u00f1o y reconocimiento en sus respectivos pueblos, y pertenecen a una nueva generaci\u00f3n de dirigentes. \u201cTanto para Guillermo Michel como para m\u00ed, su participaci\u00f3n representa un gran aporte y otorga a la lista un car\u00e1cter bien territorial, abierto y horizontal\u201d, expres\u00f3 el ex intendente de Paran\u00e1 y referente de la lista, Ad\u00e1n Bahl.<\/p>\n<p>Al respecto, Meza manifest\u00f3: \u201cComo lo dije en Maci\u00e1, el solo hecho de que surja mi nombre ya me enorgullece. Me alegra ser tenida en cuenta porque entiendo que as\u00ed se quiere dar visibilidad a los pueblos de la provincia. Creo en esta forma horizontal de hacer pol\u00edtica y ojal\u00e1 que podamos reconstruirnos de cara a la sociedad\u201d.<\/p>\n<p>Por su parte, el intendente de Puerto Yeru\u00e1 dijo estar agradecido con sus pares intendentes de pueblos y ciudades peque\u00f1as por haberlo nominado. \u201cNo lo pienso como algo personal ya que hay varios compa\u00f1eros valiosos, sino que pienso que se trata de un paso en la reconstrucci\u00f3n de la que hablamos y a la que adhiero, ya que considero que la representaci\u00f3n del interior profundo es un gran paso adelante. Es algo muy motivador para todos\u201d, afirm\u00f3 Ben\u00edtez.<\/p>\n<p>La Lista 2 Desaf\u00edo Peronista ajusta sus \u00faltimos movimientos antes de la presentaci\u00f3n de listas para las pr\u00f3ximas internas, prevista para el s\u00e1bado 6 de junio.<\/p>\n","protected":false},"excerpt":{"rendered":"<p>Adriana Meza y Daniel Ben\u00edtez, jefes comunales de Los Conquistadores y de Puerto Yeru\u00e1, formar\u00e1n parte de la lista que encabezar\u00e1n Ad\u00e1n Bahl y Guillermo Michel &nbsp; &nbsp; En la reuni\u00f3n llevada a cabo en Maci\u00e1 se plante\u00f3 la voluntad de que el interior profundo de la provincia tenga representaci\u00f3n en la lista. En ese marco, surgieron los nombres de Adriana Meza y Daniel Ben\u00edtez para ocupar puestos expectantes. Ambos se destacan por su desempe\u00f1o y reconocimiento en sus respectivos pueblos, y pertenecen a una nueva generaci\u00f3n de dirigentes. \u201cTanto&#8230;<\/p>\n","protected":false},"author":3,"featured_media":129434,"comment_status":"closed","ping_status":"closed","sticky":false,"template":"","format":"standard","meta":[],"categories":[15],"tags":[],"_links":{"self":[{"href":"https:\/\/www.actualidadadiario.com\/index.php\/wp-json\/wp\/v2\/posts\/129433"}],"collection":[{"href":"https:\/\/www.actualidadadiario.com\/index.php\/wp-json\/wp\/v2\/posts"}],"about":[{"href":"https:\/\/www.actualidadadiario.com\/index.php\/wp-json\/wp\/v2\/types\/post"}],"author":[{"embeddable":true,"href":"https:\/\/www.actualidadadiario.com\/index.php\/wp-json\/wp\/v2\/users\/3"}],"replies":[{"embeddable":true,"href":"https:\/\/www.actualidadadiario.com\/index.php\/wp-json\/wp\/v2\/comments?post=129433"}],"version-history":[{"count":1,"href":"https:\/\/www.actualidadadiario.com\/index.php\/wp-json\/wp\/v2\/posts\/129433\/revisions"}],"predecessor-version":[{"id":129435,"href":"https:\/\/www.actualidadadiario.com\/index.php\/wp-json\/wp\/v2\/posts\/129433\/revisions\/129435"}],"wp:featuredmedia":[{"embeddable":true,"href":"https:\/\/www.actualidadadiario.com\/index.php\/wp-json\/wp\/v2\/media\/129434"}],"wp:attachment":[{"href":"https:\/\/www.actualidadadiario.com\/index.php\/wp-json\/wp\/v2\/media?parent=129433"}],"wp:term":[{"taxonomy":"category","embeddable":true,"href":"https:\/\/www.actualidadadiario.com\/index.php\/wp-json\/wp\/v2\/categories?post=129433"},{"taxonomy":"post_tag","embeddable":true,"href":"https:\/\/www.actualidadadiario.com\/index.php\/wp-json\/wp\/v2\/tags?post=129433"}],"curies":[{"name":"wp","href":"https:\/\/api.w.org\/{rel}","templated":true}]}}