{"id":129429,"date":"2025-05-30T15:06:41","date_gmt":"2025-05-30T18:06:41","guid":{"rendered":"https:\/\/www.actualidadadiario.com\/?p=129429"},"modified":"2025-05-30T15:06:41","modified_gmt":"2025-05-30T18:06:41","slug":"macron-pidio-en-singapur-que-europa-endurezca-su-postura-ante-israel","status":"publish","type":"post","link":"https:\/\/www.actualidadadiario.com\/index.php\/2025\/05\/30\/macron-pidio-en-singapur-que-europa-endurezca-su-postura-ante-israel\/","title":{"rendered":"Macron pidi\u00f3 en Singapur que Europa endurezca su postura ante Israel"},"content":{"rendered":"<p style=\"text-align: center;\"><strong><em>El mandatario franc\u00e9s afirm\u00f3 que la UE deber\u00eda aplicar sanciones a Israel \u201csi no hay una respuesta a la altura de la situaci\u00f3n humanitaria\u201d en el territorio palestino<\/em><\/strong><\/p>\n<p>&nbsp;<\/p>\n<p>&nbsp;<\/p>\n<p>El presidente de Francia, Emmanuel Macron, consider\u00f3 hoy que los pa\u00edses de la Uni\u00f3n Europea deber\u00edan \u00abendurecer\u00bb su postura hacia Israel si no mejora la situaci\u00f3n humanitaria en la Franja de Gaza, informaron medios internacionales.<\/p>\n<p>En una conferencia de prensa en Singapur, el primer mandatario franc\u00e9s afirm\u00f3 que la UE deber\u00e1 \u00abaplicar\u00bb sus reglas contra Israel \u00absi no hay una respuesta a la altura de la situaci\u00f3n humanitaria\u00bb en el territorio palestino.<\/p>\n<p>Macron plante\u00f3 como posibles medidas el fin del acuerdo de asociaci\u00f3n entre la UE e Israel, que el bloque comunitario ya puso en revisi\u00f3n, o \u00abaplicar sanciones\u00bb.<\/p>\n<p>\u00abTenemos que endurecer nuestra posici\u00f3n porque hoy en d\u00eda es una necesidad, pero todav\u00eda tengo la esperanza de que el gobierno de Israel cambiar\u00e1 la suya y tendremos por fin una respuesta humanitaria\u00bb, agreg\u00f3.<\/p>\n<p>Francia copresidir\u00e1 el pr\u00f3ximo mes junto a Arabia Saudita una conferencia de la ONU en Nueva York que busca favorecer la soluci\u00f3n de \u00abdos Estados\u00bb: Israel y una Palestina independiente y soberana, conviviendo pac\u00edficamente.<\/p>\n<p>En Singapur, Macron plante\u00f3 que reconocer al Estado palestino no es \u00absolo un deber moral, sino una exigencia pol\u00edtica\u00bb, pero tambi\u00e9n enumer\u00f3 algunas condiciones para hacerlo.<\/p>\n<p>Entre ellas destacan la \u00abliberaci\u00f3n de los rehenes\u00bb tomados por Ham\u00e1s, la \u00abdesmilitarizaci\u00f3n\u00bb de este movimiento islamista y su \u00abno participaci\u00f3n\u00bb en el gobierno de un futuro Estado palestino o la \u00abcreaci\u00f3n de una arquitectura de seguridad en toda la regi\u00f3n\u00bb, de acuerdo con un reporte del sitio RFI.<\/p>\n<p>&nbsp;<\/p>\n<p><strong>La guerra en Ucrania<\/strong><\/p>\n<p>En cuanto a la guerra en Ucrania, Macron, afirm\u00f3 que la decisi\u00f3n de sancionar o no a Rusia si rechaza un alto el fuego con Ucrania es un \u00abtest de credibilidad\u00bb para los Estados Unidos de Donald Trump.<\/p>\n<p>Si Rusia \u00abno est\u00e1 lista para hacer la paz\u00bb, Washington debe confirmar su \u00abcompromiso\u00bb de sancionarla, apunt\u00f3 el dirigente franc\u00e9s.<\/p>\n<p>\u00abHabl\u00e9 hace 48 horas con el presidente Trump, que hizo notar su impaciencia. La pregunta ahora es: \u00bfqu\u00e9 hacemos? Nosotros estamos preparados\u00bb, a\u00f1adi\u00f3 Macron en una comparecencia junto al primer ministro singapurense, Lawrence Wong.<\/p>\n<p>&nbsp;<\/p>\n<p><strong>El Di\u00e1logo Shangri-La<\/strong><\/p>\n<p>La 22\u00aa edici\u00f3n del Di\u00e1logo Shangri-La, principal cumbre sobre defensa y seguridad de Asia, comenz\u00f3 este viernes en Singapur entre tensiones geopol\u00edticas.<\/p>\n<p>El foro de di\u00e1logo convoc\u00f3 este a\u00f1o a representantes de 47 pa\u00edses, incluidos 40 delegados a nivel ministerial, 20 representantes con rango de jefes de las fuerzas armadas, m\u00e1s de 20 altos funcionarios de la defensa y acad\u00e9micos destacados; inform\u00f3 el Ministerio de Defensa de Singapur.<\/p>\n<p>All\u00ed Macron ten\u00eda previsto pronunciar un discurso a \u00faltima hora del viernes, donde se esperaba que reivindicara a Francia y Europa como campeones de la cooperaci\u00f3n internacional y del comercio basado en reglas.<\/p>\n<p>Analistas indicaron que entre los asuntos clave estar\u00e1n la cooperaci\u00f3n regional, las pol\u00edticas de seguridad de Estados Unidos y el actual conflicto Rusia-Ucrania.<\/p>\n<p>Las implicaciones de los aranceles generalizados de Estados Unidos tambi\u00e9n centrar\u00e1n la atenci\u00f3n, si bien los funcionarios asistentes utilizar\u00e1n la plataforma para dar confianza a sus socios y lidiar con un escenario de seguridad cada vez m\u00e1s multipolar. El Di\u00e1logo se celebrar\u00e1 del viernes al domingo, complet\u00f3 un informe de la agencia de noticias Xinhua, relacionado con el Di\u00e1logo Shangri-La.<\/p>\n","protected":false},"excerpt":{"rendered":"<p>El mandatario franc\u00e9s afirm\u00f3 que la UE deber\u00eda aplicar sanciones a Israel \u201csi no hay una respuesta a la altura de la situaci\u00f3n humanitaria\u201d en el territorio palestino &nbsp; &nbsp; El presidente de Francia, Emmanuel Macron, consider\u00f3 hoy que los pa\u00edses de la Uni\u00f3n Europea deber\u00edan \u00abendurecer\u00bb su postura hacia Israel si no mejora la situaci\u00f3n humanitaria en la Franja de Gaza, informaron medios internacionales. En una conferencia de prensa en Singapur, el primer mandatario franc\u00e9s afirm\u00f3 que la UE deber\u00e1 \u00abaplicar\u00bb sus reglas contra Israel \u00absi no hay una&#8230;<\/p>\n","protected":false},"author":3,"featured_media":129430,"comment_status":"closed","ping_status":"closed","sticky":false,"template":"","format":"standard","meta":[],"categories":[4],"tags":[],"_links":{"self":[{"href":"https:\/\/www.actualidadadiario.com\/index.php\/wp-json\/wp\/v2\/posts\/129429"}],"collection":[{"href":"https:\/\/www.actualidadadiario.com\/index.php\/wp-json\/wp\/v2\/posts"}],"about":[{"href":"https:\/\/www.actualidadadiario.com\/index.php\/wp-json\/wp\/v2\/types\/post"}],"author":[{"embeddable":true,"href":"https:\/\/www.actualidadadiario.com\/index.php\/wp-json\/wp\/v2\/users\/3"}],"replies":[{"embeddable":true,"href":"https:\/\/www.actualidadadiario.com\/index.php\/wp-json\/wp\/v2\/comments?post=129429"}],"version-history":[{"count":1,"href":"https:\/\/www.actualidadadiario.com\/index.php\/wp-json\/wp\/v2\/posts\/129429\/revisions"}],"predecessor-version":[{"id":129431,"href":"https:\/\/www.actualidadadiario.com\/index.php\/wp-json\/wp\/v2\/posts\/129429\/revisions\/129431"}],"wp:featuredmedia":[{"embeddable":true,"href":"https:\/\/www.actualidadadiario.com\/index.php\/wp-json\/wp\/v2\/media\/129430"}],"wp:attachment":[{"href":"https:\/\/www.actualidadadiario.com\/index.php\/wp-json\/wp\/v2\/media?parent=129429"}],"wp:term":[{"taxonomy":"category","embeddable":true,"href":"https:\/\/www.actualidadadiario.com\/index.php\/wp-json\/wp\/v2\/categories?post=129429"},{"taxonomy":"post_tag","embeddable":true,"href":"https:\/\/www.actualidadadiario.com\/index.php\/wp-json\/wp\/v2\/tags?post=129429"}],"curies":[{"name":"wp","href":"https:\/\/api.w.org\/{rel}","templated":true}]}}