{"id":128798,"date":"2025-05-20T10:50:11","date_gmt":"2025-05-20T13:50:11","guid":{"rendered":"https:\/\/www.actualidadadiario.com\/?p=128798"},"modified":"2025-05-20T10:50:11","modified_gmt":"2025-05-20T13:50:11","slug":"anuncian-dias-grises-y-tiempo-inestable-en-la-provincia","status":"publish","type":"post","link":"https:\/\/www.actualidadadiario.com\/index.php\/2025\/05\/20\/anuncian-dias-grises-y-tiempo-inestable-en-la-provincia\/","title":{"rendered":"Anuncian d\u00edas grises y tiempo inestable en la provincia"},"content":{"rendered":"<p style=\"text-align: center;\"><em><strong>El Servicio Meteorol\u00f3gico Nacional \u2013SMN\u2013 prev\u00e9 una semana con cielo nublado y condiciones inestables para Entre R\u00edos, en d\u00edas que se volver\u00e1n grises por momentos y tendr\u00e1n la particularidad de ser jornadas de fr\u00edo intenso, por debajo de los 10 grados<\/strong><\/em><\/p>\n<p>&nbsp;<\/p>\n<p>&nbsp;<\/p>\n<p>Si bien no hay pron\u00f3stico de nuevas tormentas, se espera que puedan aparecer lloviznas con el pasar de las horas.<\/p>\n<p>&nbsp;<\/p>\n<p><strong>Pron\u00f3stico para este martes<\/strong><\/p>\n<p>En Paran\u00e1, La Paz, Villaguay, Diamante y Nogoy\u00e1 la m\u00ednima ser\u00e1 de 10 grados y la m\u00e1xima alcanzar\u00e1 los 17 grados. En la capital y alrededores se prev\u00e9 neblinas durante la madrugada y el resto de la jornada con cielo parcialmente nublado.<\/p>\n<p>En Concordia, Federal, Feliciano, Federaci\u00f3n y San Salvador, en tanto, se aguarda una m\u00ednima de 11 grados y una m\u00e1xima de 18 grados. All\u00ed tambi\u00e9n se espera un martes con neblinas y cielo cubierto.<\/p>\n<p>En Gualeguaych\u00fa, Col\u00f3n, Uruguay, Tala e Islas, por \u00faltimo, se espera una m\u00ednima de 8 grados y una m\u00e1xima de 17 grados. Al igual que en las localidades mencionadas anteriormente se espera una jornada con cielo parcialmente<\/p>\n","protected":false},"excerpt":{"rendered":"<p>El Servicio Meteorol\u00f3gico Nacional \u2013SMN\u2013 prev\u00e9 una semana con cielo nublado y condiciones inestables para Entre R\u00edos, en d\u00edas que se volver\u00e1n grises por momentos y tendr\u00e1n la particularidad de ser jornadas de fr\u00edo intenso, por debajo de los 10 grados &nbsp; &nbsp; Si bien no hay pron\u00f3stico de nuevas tormentas, se espera que puedan aparecer lloviznas con el pasar de las horas. &nbsp; Pron\u00f3stico para este martes En Paran\u00e1, La Paz, Villaguay, Diamante y Nogoy\u00e1 la m\u00ednima ser\u00e1 de 10 grados y la m\u00e1xima alcanzar\u00e1 los 17 grados. En&#8230;<\/p>\n","protected":false},"author":3,"featured_media":118692,"comment_status":"closed","ping_status":"closed","sticky":false,"template":"","format":"standard","meta":[],"categories":[15],"tags":[],"_links":{"self":[{"href":"https:\/\/www.actualidadadiario.com\/index.php\/wp-json\/wp\/v2\/posts\/128798"}],"collection":[{"href":"https:\/\/www.actualidadadiario.com\/index.php\/wp-json\/wp\/v2\/posts"}],"about":[{"href":"https:\/\/www.actualidadadiario.com\/index.php\/wp-json\/wp\/v2\/types\/post"}],"author":[{"embeddable":true,"href":"https:\/\/www.actualidadadiario.com\/index.php\/wp-json\/wp\/v2\/users\/3"}],"replies":[{"embeddable":true,"href":"https:\/\/www.actualidadadiario.com\/index.php\/wp-json\/wp\/v2\/comments?post=128798"}],"version-history":[{"count":1,"href":"https:\/\/www.actualidadadiario.com\/index.php\/wp-json\/wp\/v2\/posts\/128798\/revisions"}],"predecessor-version":[{"id":128799,"href":"https:\/\/www.actualidadadiario.com\/index.php\/wp-json\/wp\/v2\/posts\/128798\/revisions\/128799"}],"wp:featuredmedia":[{"embeddable":true,"href":"https:\/\/www.actualidadadiario.com\/index.php\/wp-json\/wp\/v2\/media\/118692"}],"wp:attachment":[{"href":"https:\/\/www.actualidadadiario.com\/index.php\/wp-json\/wp\/v2\/media?parent=128798"}],"wp:term":[{"taxonomy":"category","embeddable":true,"href":"https:\/\/www.actualidadadiario.com\/index.php\/wp-json\/wp\/v2\/categories?post=128798"},{"taxonomy":"post_tag","embeddable":true,"href":"https:\/\/www.actualidadadiario.com\/index.php\/wp-json\/wp\/v2\/tags?post=128798"}],"curies":[{"name":"wp","href":"https:\/\/api.w.org\/{rel}","templated":true}]}}