{"id":128791,"date":"2025-05-20T10:46:45","date_gmt":"2025-05-20T13:46:45","guid":{"rendered":"https:\/\/www.actualidadadiario.com\/?p=128791"},"modified":"2025-05-20T10:46:45","modified_gmt":"2025-05-20T13:46:45","slug":"desde-junio-habra-un-nuevo-servicio-de-transporte-publico-entre-parana-y-los-conquistadores","status":"publish","type":"post","link":"https:\/\/www.actualidadadiario.com\/index.php\/2025\/05\/20\/desde-junio-habra-un-nuevo-servicio-de-transporte-publico-entre-parana-y-los-conquistadores\/","title":{"rendered":"Desde junio habr\u00e1 un nuevo servicio de transporte p\u00fablico entre Paran\u00e1 y Los Conquistadores"},"content":{"rendered":"<p style=\"text-align: center;\"><em><strong>A partir del 2 de junio, la empresa Expreso Palmares comenzar\u00e1 a operar un nuevo recorrido diario que unir\u00e1 Los Conquistadores con la capital entrerriana. El servicio fue gestionado por el municipio<\/strong><\/em><\/p>\n<p>&nbsp;<\/p>\n<p>&nbsp;<\/p>\n<p>Un nuevo servicio de transporte p\u00fablico comenzar\u00e1 a funcionar desde el 2 de junio, conectando a la localidad de Los Conquistadores con Paran\u00e1, la capital de Entre R\u00edos. El recorrido se realizar\u00e1 a trav\u00e9s de la Ruta Nacional 127 y estar\u00e1 a cargo de la empresa Expreso Palmares.<\/p>\n<p>Desde el municipio de Los Conquistadores informaron que la iniciativa apunta a facilitar el traslado de vecinos de la regi\u00f3n hacia Paran\u00e1 \u201cpor motivos de salud, tr\u00e1mites personales y estudios\u201d, mejorando as\u00ed la conectividad y el acceso a servicios fundamentales.<\/p>\n<p>El servicio fue gestionado por la intendente Adriana Meza Torres ante el secretario de Gobierno, Manuel Troncoso, y el secretario de Transporte, Juan Diego Elsesser.<\/p>\n<p>El nuevo recorrido incluir\u00e1 las siguientes localidades: Paran\u00e1, Cerrito, Hasenkamp, Alcaraz, Bovril, Sauce de Luna, Federal, Los Conquistadores y Chajar\u00ed.<\/p>\n<p>&nbsp;<\/p>\n<p><strong>Horarios del servicio:<\/strong><\/p>\n<ul>\n<li>Desde Paran\u00e1 hacia Los Conquistadores: salida a las 13:45 y llegada a las 18:05<\/li>\n<li>Desde Los Conquistadores hacia Paran\u00e1: salida a las 03:00 y llegada a las 07:40<\/li>\n<\/ul>\n<p>\u201cEste nuevo servicio representa un logro importante para nuestra comunidad, que fortalece el acceso a derechos fundamentales como la salud, la educaci\u00f3n y los servicios administrativos\u201d, destacaron desde el municipio.<\/p>\n<p>La implementaci\u00f3n de este servicio se enmarca en una pol\u00edtica de mejora del transporte p\u00fablico interurbano que busca reducir el aislamiento de las comunidades del norte entrerriano y fomentar la integraci\u00f3n territorial.<\/p>\n","protected":false},"excerpt":{"rendered":"<p>A partir del 2 de junio, la empresa Expreso Palmares comenzar\u00e1 a operar un nuevo recorrido diario que unir\u00e1 Los Conquistadores con la capital entrerriana. El servicio fue gestionado por el municipio &nbsp; &nbsp; Un nuevo servicio de transporte p\u00fablico comenzar\u00e1 a funcionar desde el 2 de junio, conectando a la localidad de Los Conquistadores con Paran\u00e1, la capital de Entre R\u00edos. El recorrido se realizar\u00e1 a trav\u00e9s de la Ruta Nacional 127 y estar\u00e1 a cargo de la empresa Expreso Palmares. Desde el municipio de Los Conquistadores informaron que&#8230;<\/p>\n","protected":false},"author":3,"featured_media":128792,"comment_status":"closed","ping_status":"closed","sticky":false,"template":"","format":"standard","meta":[],"categories":[15],"tags":[],"_links":{"self":[{"href":"https:\/\/www.actualidadadiario.com\/index.php\/wp-json\/wp\/v2\/posts\/128791"}],"collection":[{"href":"https:\/\/www.actualidadadiario.com\/index.php\/wp-json\/wp\/v2\/posts"}],"about":[{"href":"https:\/\/www.actualidadadiario.com\/index.php\/wp-json\/wp\/v2\/types\/post"}],"author":[{"embeddable":true,"href":"https:\/\/www.actualidadadiario.com\/index.php\/wp-json\/wp\/v2\/users\/3"}],"replies":[{"embeddable":true,"href":"https:\/\/www.actualidadadiario.com\/index.php\/wp-json\/wp\/v2\/comments?post=128791"}],"version-history":[{"count":1,"href":"https:\/\/www.actualidadadiario.com\/index.php\/wp-json\/wp\/v2\/posts\/128791\/revisions"}],"predecessor-version":[{"id":128793,"href":"https:\/\/www.actualidadadiario.com\/index.php\/wp-json\/wp\/v2\/posts\/128791\/revisions\/128793"}],"wp:featuredmedia":[{"embeddable":true,"href":"https:\/\/www.actualidadadiario.com\/index.php\/wp-json\/wp\/v2\/media\/128792"}],"wp:attachment":[{"href":"https:\/\/www.actualidadadiario.com\/index.php\/wp-json\/wp\/v2\/media?parent=128791"}],"wp:term":[{"taxonomy":"category","embeddable":true,"href":"https:\/\/www.actualidadadiario.com\/index.php\/wp-json\/wp\/v2\/categories?post=128791"},{"taxonomy":"post_tag","embeddable":true,"href":"https:\/\/www.actualidadadiario.com\/index.php\/wp-json\/wp\/v2\/tags?post=128791"}],"curies":[{"name":"wp","href":"https:\/\/api.w.org\/{rel}","templated":true}]}}