{"id":128786,"date":"2025-05-20T10:43:50","date_gmt":"2025-05-20T13:43:50","guid":{"rendered":"https:\/\/www.actualidadadiario.com\/?p=128786"},"modified":"2025-05-20T10:43:50","modified_gmt":"2025-05-20T13:43:50","slug":"tras-el-anuncio-de-paro-el-cge-informo-que-pedira-declaracion-jurada-a-docentes-para-controlar-asistencia","status":"publish","type":"post","link":"https:\/\/www.actualidadadiario.com\/index.php\/2025\/05\/20\/tras-el-anuncio-de-paro-el-cge-informo-que-pedira-declaracion-jurada-a-docentes-para-controlar-asistencia\/","title":{"rendered":"Tras el anuncio de paro, el CGE inform\u00f3 que pedir\u00e1 Declaraci\u00f3n Jurada a docentes para controlar asistencia"},"content":{"rendered":"<p style=\"text-align: center;\"><em><strong>Tras una reuni\u00f3n, y en conferencia de prensa, desde AGMER dieron a conocer que llevar\u00e1n a cabo un paro de 24 horas este mi\u00e9rcoles 21 de mayo para sumarse a la movilizaci\u00f3n en Paran\u00e1, en defensa de IOSPER<\/strong><\/em><\/p>\n<p>&nbsp;<\/p>\n<p>&nbsp;<\/p>\n<p>Luego del anuncio, desde el Consejo General de Educaci\u00f3n (CGE) informaron, mediante la circular 10\/2025, que \u201cen el marco de lo establecido por la Resoluci\u00f3n N\u00b0 2771\/24 CGE, se informa que los d\u00edas 21, 22 y 23 de mayo de 2025 se llevara a cabo un relevamiento de prestaci\u00f3n de servicios del personal docente\u201d.<\/p>\n<p>\u201cEl mismo consistir\u00e1 en la presentaci\u00f3n del formulario individual y personal elaborado por la norma citada, el cual se completar\u00e1 a trav\u00e9s del Sistema SAGE (Sistema de Administraci\u00f3n de Gesti\u00f3n Educativa), tendr\u00e1 car\u00e1cter de declaraci\u00f3n jurada, y su cumplimiento ser\u00e1 obligatorio en las fechas establecidas para el relevamiento conforme la citada normativa\u201d, explicaron.<\/p>\n<p>Luego aclararon que el formulario quedar\u00e1 habilitado para todos los d\u00edas se\u00f1alados \u201ca partir de las 8, estando disponible en cada caso por un plazo de diez (10) d\u00edas h\u00e1biles, a partir de la habilitaci\u00f3n\u201d.<\/p>\n<p>En todos los casos, el docente deber\u00e1 indicar la cantidad de horas c\u00e1tedra que deb\u00eda prestar servicios en cada d\u00eda, salvo en el supuesto de consignar la opci\u00f3n \u201cno me correspond\u00eda ir ese d\u00eda\u201d.<\/p>\n<p>Por \u00faltimo, desde el gobierno se\u00f1alaron que \u201cconforme lo dispuesto por el Decreto 4940\/08 GOB y lo resuelto en m\u00faltiples oportunidades por la jurisprudencia local, los haberes ser\u00e1n abonados solo respecto de los d\u00edas que sean \u2018efectivamente trabajados\u2019, de acuerdo a la carga de asistencia y los dates que surjan del relevamiento\u201d.<\/p>\n","protected":false},"excerpt":{"rendered":"<p>Tras una reuni\u00f3n, y en conferencia de prensa, desde AGMER dieron a conocer que llevar\u00e1n a cabo un paro de 24 horas este mi\u00e9rcoles 21 de mayo para sumarse a la movilizaci\u00f3n en Paran\u00e1, en defensa de IOSPER &nbsp; &nbsp; Luego del anuncio, desde el Consejo General de Educaci\u00f3n (CGE) informaron, mediante la circular 10\/2025, que \u201cen el marco de lo establecido por la Resoluci\u00f3n N\u00b0 2771\/24 CGE, se informa que los d\u00edas 21, 22 y 23 de mayo de 2025 se llevara a cabo un relevamiento de prestaci\u00f3n de&#8230;<\/p>\n","protected":false},"author":3,"featured_media":117042,"comment_status":"closed","ping_status":"closed","sticky":false,"template":"","format":"standard","meta":[],"categories":[15],"tags":[],"_links":{"self":[{"href":"https:\/\/www.actualidadadiario.com\/index.php\/wp-json\/wp\/v2\/posts\/128786"}],"collection":[{"href":"https:\/\/www.actualidadadiario.com\/index.php\/wp-json\/wp\/v2\/posts"}],"about":[{"href":"https:\/\/www.actualidadadiario.com\/index.php\/wp-json\/wp\/v2\/types\/post"}],"author":[{"embeddable":true,"href":"https:\/\/www.actualidadadiario.com\/index.php\/wp-json\/wp\/v2\/users\/3"}],"replies":[{"embeddable":true,"href":"https:\/\/www.actualidadadiario.com\/index.php\/wp-json\/wp\/v2\/comments?post=128786"}],"version-history":[{"count":1,"href":"https:\/\/www.actualidadadiario.com\/index.php\/wp-json\/wp\/v2\/posts\/128786\/revisions"}],"predecessor-version":[{"id":128787,"href":"https:\/\/www.actualidadadiario.com\/index.php\/wp-json\/wp\/v2\/posts\/128786\/revisions\/128787"}],"wp:featuredmedia":[{"embeddable":true,"href":"https:\/\/www.actualidadadiario.com\/index.php\/wp-json\/wp\/v2\/media\/117042"}],"wp:attachment":[{"href":"https:\/\/www.actualidadadiario.com\/index.php\/wp-json\/wp\/v2\/media?parent=128786"}],"wp:term":[{"taxonomy":"category","embeddable":true,"href":"https:\/\/www.actualidadadiario.com\/index.php\/wp-json\/wp\/v2\/categories?post=128786"},{"taxonomy":"post_tag","embeddable":true,"href":"https:\/\/www.actualidadadiario.com\/index.php\/wp-json\/wp\/v2\/tags?post=128786"}],"curies":[{"name":"wp","href":"https:\/\/api.w.org\/{rel}","templated":true}]}}