{"id":128784,"date":"2025-05-20T10:43:07","date_gmt":"2025-05-20T13:43:07","guid":{"rendered":"https:\/\/www.actualidadadiario.com\/?p=128784"},"modified":"2025-05-20T10:43:07","modified_gmt":"2025-05-20T13:43:07","slug":"frigerio-mira-la-debacle-del-pro-en-la-ciudad-y-rescata-el-mensaje-de-las-urnas-para-octubre","status":"publish","type":"post","link":"https:\/\/www.actualidadadiario.com\/index.php\/2025\/05\/20\/frigerio-mira-la-debacle-del-pro-en-la-ciudad-y-rescata-el-mensaje-de-las-urnas-para-octubre\/","title":{"rendered":"Frigerio mira la debacle del PRO en la Ciudad y rescata el mensaje de las urnas para octubre"},"content":{"rendered":"<p style=\"text-align: center;\"><em><strong>Para el gobernador, el resultado marca el camino de la uni\u00f3n con LLA y es el modo de evitar un triunfo peronista en Entre R\u00edos. Encuentro con Karina Milei<\/strong><\/em><\/p>\n<p>&nbsp;<\/p>\n<p>&nbsp;<\/p>\n<p>Rogelio Frigerio mira de lejos los resultados de las elecciones porte\u00f1as. Especialmente, deja pasar por el costado la derrota de su partido, el PRO. En esta provincia, a 400 kil\u00f3metros de distancia, las cosas son distintas de cara a las legislativas de octubre. La vitalidad del gobernador se recuesta, entienden en su entorno, en la alianza Juntos por Entre R\u00edos.<\/p>\n<p>Frigerio sab\u00eda que el d\u00eda despu\u00e9s del 18M ser\u00eda el momento en que empezar\u00eda una tarea que le pesa. El gobernador asegura que est\u00e1 enfocado en la gesti\u00f3n y sabe que deber\u00e1 colar con f\u00f3rceps en su agenda las conversaciones por el armado de las listas para las nacionales de octubre. Con o sin La Libertad Avanza en ellas. Desde su \u00f3ptica, la lecci\u00f3n de este domingo fue clara: las urnas hablaron en favor de una uni\u00f3n entre el PRO y el espacio libertario.<\/p>\n<p>&nbsp;<\/p>\n<p><strong>La nueva etapa que encara Frigerio<\/strong><\/p>\n<p>Este lunes, el clima pol\u00edtico que se vivi\u00f3 en Entre R\u00edos fue similar al de una bajada de bandera, en este caso electoral. Con la tropa libertaria empoderada tras el triunfo de Manuel Adorni en la Ciudad de Buenos Aires, Frigerio encara ahora el momento de retomar el di\u00e1logo con Karina Milei. La \u00faltima vez que se vieron fue el a\u00f1o pasado, cuando dieron el puntapi\u00e9 inicial a las conversaciones. Siguieron en contacto por chat y es probable que esta misma semana pongan fecha para un nuevo encuentro.<\/p>\n<p>Dirigentes del PRO reconocen que el gobernador tiene a su favor ser un hombre respetado y \u201cquerido\u201d por El Jefe. Ese activo lo sienta a la mesa con ventaja en la l\u00ednea de largada. Despu\u00e9s del 18M, en el laboratorio electoral entienden que sumar\u00e1 tambi\u00e9n el mensaje de las urnas: si los oficialismos provincial y nacional van divididos, en la provincia puede ganar el kirchnerismo.<\/p>\n<p>\u201cEl 70% de la gente dej\u00f3 en claro que no quiere volver al kirchnerismo y por las mezquindades casi gana en una ciudad que es claramente opositora\u201d, analiz\u00f3 un vocero con despacho en la Casa Gris. Ese \u201cgrito de la derecha\u201d es el que recogen en la provincia para poner en la discusi\u00f3n entre el gobernador y la presidenta de LLA. En el c\u00edrculo de confianza del gobernador insisten en resignificar la derrota del PRO en un mensaje de \u201cno volver atr\u00e1s\u201d. \u201cLa gente est\u00e1 siendo clara y los pol\u00edticos se tienen que dejar de joder con los egos\u201d, disparan.<\/p>\n<p>&nbsp;<\/p>\n<p><strong>El escenario en Entre R\u00edos<\/strong><\/p>\n<p>En las elecciones nacionales de octubre, que no estar\u00e1n acompa\u00f1adas de ninguna instancia para cargos provinciales, Frigerio entiende que no tiene margen para dar ventaja a un peronismo que todav\u00eda ve competitivo y que conserva a\u00fan sus 30 puntos. \u201cSi vamos divididos, lo posicion\u00e1s ganador\u201d, es el diagn\u00f3stico que creen compartir con la Casa Rosada. Al menos hasta ayer.<\/p>\n<p>Una voz de consulta del gobernador reconoci\u00f3 a este medio que trabajan en todos los escenarios posibles y que bajo ning\u00fan punto de vista descartan que las intenciones de Karina cambien despu\u00e9s de este domingo. \u201cNo sabemos qu\u00e9 consecuencias tendr\u00e1 lo de este domigno en el interior. Quiz\u00e1s el Gobierno ya no tiene intenci\u00f3n de acordar con nadie. Realmente no lo sabemos, pero s\u00ed tenemos en claro que en la Ciudad hubo un corrimiento del voto \u00fatil, porque hab\u00eda paridad entre Leandro Santoro y Adorni\u201d, apuntaron.<\/p>\n<p>&nbsp;<\/p>\n<p><strong>Casos testigos para negociar con La Libertad Avanza<\/strong><\/p>\n<p>Para organizar la etapa que viene, en el c\u00edrculo cercano de Frigerio miran especialmente dos casos testigos para tomar nota en Entre R\u00edos y convertirlos en cartas sobre la mesa de las negociaciones con LLA. La Ciudad de Buenos Aires es el m\u00e1s inmediato. De all\u00ed toman la experiencia de una \u201coferta dividida\u201d que por un lado desalent\u00f3 al electorado y por otro mostr\u00f3 la funcionalidad que eso signific\u00f3 para potenciar \u201cal kirchnerismo\u201d.<\/p>\n<p>El otro caso es el de Chaco, donde el gobernador Leandro Zdero obtuvo un 45% en alianza con la Casa Rosada. \u201cNo es matem\u00e1tica pura, pero Adorni sac\u00f3 30% y Silvia Lospennato 15%, casi el 45% en total, muy parecido a lo de Chaco\u201d, razon\u00f3 un vocero. \u201cLas elecciones de este domingo ratifican nuestra postura. Octubre es una instancia nacional, no se discute la agenda provincial y en ese marco tenemos m\u00e1s coincidencias que diferencias con Milei\u201d, apunt\u00f3.<\/p>\n<p>Con este an\u00e1lisis en el haber, sumado a las encuestas que lo muestran con mejor imagen que el presidente, Frigerio se prepara para exhibir que su figura qued\u00f3 a salvo de la batalla porte\u00f1a. Este objetivo fue deliberadamente buscado en la Casa Gris, para no exponer al mandatario a la debacle del PRO en la Ciudad despu\u00e9s de 18 a\u00f1os de gesti\u00f3n.<\/p>\n<p>En las usinas de la estrategia frigerista sostienen que el activo de Frigerio es ser \u201clo nuevo en Entre R\u00edos\u201d y que su gesti\u00f3n debe mantenerse impermeable a las disputas nacionales. Mencionan como ejemplo que aqu\u00ed, a diferencia de Buenos Aires, Juntos est\u00e1 \u201cunido y gobernando\u201d.<\/p>\n","protected":false},"excerpt":{"rendered":"<p>Para el gobernador, el resultado marca el camino de la uni\u00f3n con LLA y es el modo de evitar un triunfo peronista en Entre R\u00edos. Encuentro con Karina Milei &nbsp; &nbsp; Rogelio Frigerio mira de lejos los resultados de las elecciones porte\u00f1as. Especialmente, deja pasar por el costado la derrota de su partido, el PRO. En esta provincia, a 400 kil\u00f3metros de distancia, las cosas son distintas de cara a las legislativas de octubre. La vitalidad del gobernador se recuesta, entienden en su entorno, en la alianza Juntos por Entre&#8230;<\/p>\n","protected":false},"author":3,"featured_media":112267,"comment_status":"closed","ping_status":"closed","sticky":false,"template":"","format":"standard","meta":[],"categories":[9],"tags":[],"_links":{"self":[{"href":"https:\/\/www.actualidadadiario.com\/index.php\/wp-json\/wp\/v2\/posts\/128784"}],"collection":[{"href":"https:\/\/www.actualidadadiario.com\/index.php\/wp-json\/wp\/v2\/posts"}],"about":[{"href":"https:\/\/www.actualidadadiario.com\/index.php\/wp-json\/wp\/v2\/types\/post"}],"author":[{"embeddable":true,"href":"https:\/\/www.actualidadadiario.com\/index.php\/wp-json\/wp\/v2\/users\/3"}],"replies":[{"embeddable":true,"href":"https:\/\/www.actualidadadiario.com\/index.php\/wp-json\/wp\/v2\/comments?post=128784"}],"version-history":[{"count":1,"href":"https:\/\/www.actualidadadiario.com\/index.php\/wp-json\/wp\/v2\/posts\/128784\/revisions"}],"predecessor-version":[{"id":128785,"href":"https:\/\/www.actualidadadiario.com\/index.php\/wp-json\/wp\/v2\/posts\/128784\/revisions\/128785"}],"wp:featuredmedia":[{"embeddable":true,"href":"https:\/\/www.actualidadadiario.com\/index.php\/wp-json\/wp\/v2\/media\/112267"}],"wp:attachment":[{"href":"https:\/\/www.actualidadadiario.com\/index.php\/wp-json\/wp\/v2\/media?parent=128784"}],"wp:term":[{"taxonomy":"category","embeddable":true,"href":"https:\/\/www.actualidadadiario.com\/index.php\/wp-json\/wp\/v2\/categories?post=128784"},{"taxonomy":"post_tag","embeddable":true,"href":"https:\/\/www.actualidadadiario.com\/index.php\/wp-json\/wp\/v2\/tags?post=128784"}],"curies":[{"name":"wp","href":"https:\/\/api.w.org\/{rel}","templated":true}]}}