{"id":128778,"date":"2025-05-19T14:58:47","date_gmt":"2025-05-19T17:58:47","guid":{"rendered":"https:\/\/www.actualidadadiario.com\/?p=128778"},"modified":"2025-05-19T14:58:47","modified_gmt":"2025-05-19T17:58:47","slug":"biden-agradecio-el-apoyo-de-sus-seguidores-tras-informar-sobre-la-enfermedad-que-padece","status":"publish","type":"post","link":"https:\/\/www.actualidadadiario.com\/index.php\/2025\/05\/19\/biden-agradecio-el-apoyo-de-sus-seguidores-tras-informar-sobre-la-enfermedad-que-padece\/","title":{"rendered":"Biden agradeci\u00f3 el apoyo de sus seguidores tras informar sobre la enfermedad que padece"},"content":{"rendered":"<p style=\"text-align: center;\"><em><strong>El ex presidente de los Estados Unidos padece c\u00e1ncer de pr\u00f3stata &#8220;agresivo&#8221;<\/strong><\/em><\/p>\n<p>&nbsp;<\/p>\n<p>&nbsp;<\/p>\n<p>El ex presidente de los Estados Unidos Joe Biden coment\u00f3 este lunes por primera vez su diagn\u00f3stico de c\u00e1ncer de pr\u00f3stata agresivo, informaron medios internacionales.<\/p>\n<p>El ex mandatario comparti\u00f3 una foto familiar, rodeado de su esposa Jill m\u00e1s una peque\u00f1a mascota felina y agradeci\u00f3 por todo el apoyo que recibi\u00f3.<\/p>\n<p>&#8220;El c\u00e1ncer nos afecta a todos. Como muchos de ustedes, Jill y yo hemos aprendido que somos m\u00e1s fuertes en los momentos dif\u00edciles. Gracias por levantarnos con amor y apoyo&#8221;, escribi\u00f3 el exmandatario en su cuenta de X.<\/p>\n<p>Poco despu\u00e9s de que se difundiera la noticia, el actual mandatario de los Estados Unidos, Donald Trump, junto con su esposa Melania, expres\u00f3 sus &#8220;mejores deseos&#8221; a la familia de Biden y le dese\u00f3 una &#8220;pronta y exitosa&#8221; recuperaci\u00f3n, seg\u00fan informaciones del sitio Actualidad RT.<\/p>\n<p>El c\u00e1ncer, caracterizado por una puntuaci\u00f3n de Gleason de 9 (grupo de grado 5), hizo met\u00e1stasis \u00f3sea, seg\u00fan la declaraci\u00f3n que dio a conocer la enfermedad que padece Biden.<\/p>\n<p>Con anterioridad, Biden hab\u00eda reportado s\u00edntomas urinarios, lo que condujo a los m\u00e9dicos a encontrar un &#8220;peque\u00f1o n\u00f3dulo&#8221; en la pr\u00f3stata, record\u00f3 este lunes la agencia de noticias Xinhua.<\/p>\n<p>&#8220;Aunque esto representa una forma m\u00e1s agresiva de la enfermedad, parece que el c\u00e1ncer es susceptible a hormonas, lo que permite un manejo efectivo. El presidente y su familia est\u00e1n revisando opciones de tratamiento con sus doctores&#8221;, a\u00f1adi\u00f3 la declaraci\u00f3n.<\/p>\n<p>Biden, quien tiene 82 a\u00f1os, sirvi\u00f3 como presidente de los Estados Unidos de Am\u00e9rica entre enero de 2021 y 2025.<\/p>\n<p>Fue as\u00ed el presidente en funciones m\u00e1s anciano en la historia de los Estados Unidos.<\/p>\n","protected":false},"excerpt":{"rendered":"<p>El ex presidente de los Estados Unidos padece c\u00e1ncer de pr\u00f3stata &#8220;agresivo&#8221; &nbsp; &nbsp; El ex presidente de los Estados Unidos Joe Biden coment\u00f3 este lunes por primera vez su diagn\u00f3stico de c\u00e1ncer de pr\u00f3stata agresivo, informaron medios internacionales. El ex mandatario comparti\u00f3 una foto familiar, rodeado de su esposa Jill m\u00e1s una peque\u00f1a mascota felina y agradeci\u00f3 por todo el apoyo que recibi\u00f3. &#8220;El c\u00e1ncer nos afecta a todos. Como muchos de ustedes, Jill y yo hemos aprendido que somos m\u00e1s fuertes en los momentos dif\u00edciles. Gracias por levantarnos&#8230;<\/p>\n","protected":false},"author":3,"featured_media":83316,"comment_status":"closed","ping_status":"closed","sticky":false,"template":"","format":"standard","meta":[],"categories":[4],"tags":[],"_links":{"self":[{"href":"https:\/\/www.actualidadadiario.com\/index.php\/wp-json\/wp\/v2\/posts\/128778"}],"collection":[{"href":"https:\/\/www.actualidadadiario.com\/index.php\/wp-json\/wp\/v2\/posts"}],"about":[{"href":"https:\/\/www.actualidadadiario.com\/index.php\/wp-json\/wp\/v2\/types\/post"}],"author":[{"embeddable":true,"href":"https:\/\/www.actualidadadiario.com\/index.php\/wp-json\/wp\/v2\/users\/3"}],"replies":[{"embeddable":true,"href":"https:\/\/www.actualidadadiario.com\/index.php\/wp-json\/wp\/v2\/comments?post=128778"}],"version-history":[{"count":1,"href":"https:\/\/www.actualidadadiario.com\/index.php\/wp-json\/wp\/v2\/posts\/128778\/revisions"}],"predecessor-version":[{"id":128779,"href":"https:\/\/www.actualidadadiario.com\/index.php\/wp-json\/wp\/v2\/posts\/128778\/revisions\/128779"}],"wp:featuredmedia":[{"embeddable":true,"href":"https:\/\/www.actualidadadiario.com\/index.php\/wp-json\/wp\/v2\/media\/83316"}],"wp:attachment":[{"href":"https:\/\/www.actualidadadiario.com\/index.php\/wp-json\/wp\/v2\/media?parent=128778"}],"wp:term":[{"taxonomy":"category","embeddable":true,"href":"https:\/\/www.actualidadadiario.com\/index.php\/wp-json\/wp\/v2\/categories?post=128778"},{"taxonomy":"post_tag","embeddable":true,"href":"https:\/\/www.actualidadadiario.com\/index.php\/wp-json\/wp\/v2\/tags?post=128778"}],"curies":[{"name":"wp","href":"https:\/\/api.w.org\/{rel}","templated":true}]}}