{"id":128772,"date":"2025-05-19T14:56:59","date_gmt":"2025-05-19T17:56:59","guid":{"rendered":"https:\/\/www.actualidadadiario.com\/?p=128772"},"modified":"2025-05-19T14:56:59","modified_gmt":"2025-05-19T17:56:59","slug":"netanyahu-asegura-que-israel-tomara-el-control-de-toda-gaza","status":"publish","type":"post","link":"https:\/\/www.actualidadadiario.com\/index.php\/2025\/05\/19\/netanyahu-asegura-que-israel-tomara-el-control-de-toda-gaza\/","title":{"rendered":"Netanyahu asegura que Israel tomar\u00e1 el control de toda Gaza"},"content":{"rendered":"<p style=\"text-align: center;\"><em><strong>El primer ministro israel\u00ed sincer\u00f3 el objetivo final de su gobierno. En las \u00faltimas 24 horas, su ej\u00e9rcito asesin\u00f3 a 146 personas, entre ellas cinco periodistas, y ya son m\u00e1s de 53.300 los muertos en Gaza, la gran mayor\u00eda mujeres y ni\u00f1os<\/strong><\/em><\/p>\n<p>&nbsp;<\/p>\n<p>&nbsp;<\/p>\n<p>En medio del recrudecimiento de la ofensiva israel\u00ed en Gaza, que super\u00f3 las 53.300 personas asesinadas (la gran mayor\u00eda mujeres y ni\u00f1os), el primer ministro Benjamin Netanyahu afirm\u00f3 este lunes que su ej\u00e9rcito \u201cva a tomar el control de toda la Franja\u201d.<\/p>\n<p>Adem\u00e1s, anunci\u00f3 que va a permitir nuevamente el ingreso m\u00ednimo de ayuda humanitaria tras m\u00e1s de dos meses de bloqueo y reconoci\u00f3 que esta medida fue consecuencia de la presi\u00f3n ejercida sobre su gobierno por parte de sus aliados, entre ellos Estados Unidos.<\/p>\n<p>\u201cIsrael va a tomar el control de toda Gaza. Eso es lo que vamos a hacer\u201d, sostuvo Netanyahu, y destac\u00f3 que las tropas desplegadas en el enclave palestino \u201cest\u00e1n haciendo un gran trabajo\u201d. Los ataques israel\u00edes mataron a 146 personas en las \u00faltimas 24 horas, entre ellas cinco periodistas.<\/p>\n<p>Tambi\u00e9n se\u00f1al\u00f3 que la presi\u00f3n internacional sobre Israel en las \u00faltimas semanas \u201croz\u00f3 una l\u00ednea roja\u201d, lo que llev\u00f3 a la decisi\u00f3n de reactivar la entrega de ayuda.<\/p>\n<p>El primer ministro tambi\u00e9n revel\u00f3 la presi\u00f3n que recibi\u00f3 desde Washington: \u201cNuestros mejores aliados, senadores que s\u00e9 que apoyan a Israel, me dijeron: \u2018Te vamos a dar todo lo que necesit\u00e1s para una victoria total \u2014armamento, apoyo para eliminar a Ham\u00e1s, respaldo en el Consejo de Seguridad de la ONU\u2014, pero no podemos seguir viendo im\u00e1genes de hambre en Gaza\u2019\u201d.<\/p>\n<p>Frente a este escenario, insisti\u00f3: \u201cPara alcanzar la victoria, tenemos que abordar este problema. Necesitamos entregar lo m\u00ednimo indispensable para evitar una hambruna\u201d. Afirm\u00f3 que la decisi\u00f3n de permitir el ingreso de ayuda humanitaria fue \u201cdif\u00edcil\u201d, pero necesaria para lograr \u201cuna victoria total\u201d.<\/p>\n<p>&nbsp;<\/p>\n<p><strong>Recrudece la ofensiva en Gaza<\/strong><\/p>\n<p>Las declaraciones de Netanyahu se produjeron menos de 24 horas despu\u00e9s de que el Ej\u00e9rcito israel\u00ed anunciara el inicio de una ofensiva \u201camplia\u201d en el norte y sur de Gaza, como parte de la operaci\u00f3n denominada Carros de Gede\u00f3n, que arranc\u00f3 el d\u00eda anterior y apunta a \u201cdiseccionar\u201d zonas del centro-sur del enclave palestino.<\/p>\n<p>Poco despu\u00e9s, el primer ministro orden\u00f3 la reanudaci\u00f3n del ingreso de ayuda humanitaria, suspendido desde el 2 de marzo, unas dos semanas antes de que Israel rompiera el alto el fuego acordado en enero y relanzara su ofensiva.<\/p>\n<p>La Organizaci\u00f3n Mundial de la Salud (OMS) inform\u00f3 la semana pasada que al menos 57 chicos murieron de hambre en Gaza desde marzo. Adem\u00e1s, advirti\u00f3 que, de continuar la grave situaci\u00f3n humanitaria, unos 71.000 ni\u00f1os menores de cinco a\u00f1os podr\u00edan sufrir desnutrici\u00f3n aguda en los pr\u00f3ximos once meses.<\/p>\n<p>Rik Peeperkorn, representante de la OMS para los Territorios Palestinos Ocupados, declar\u00f3 que el bloqueo impuesto por Israel \u201csolo permite asistir a 500 chicos con desnutrici\u00f3n aguda\u201d, lo que representa apenas una \u201cfracci\u00f3n\u201d de los que enfrentan necesidades urgentes.<\/p>\n<p>La situaci\u00f3n humanitaria es cr\u00edtica: los hospitales est\u00e1n colapsados, hay escasez de alimentos, combustible y medicamentos, y se estima que m\u00e1s de 60.000 ni\u00f1os sufren desnutrici\u00f3n aguda. La Organizaci\u00f3n Mundial de la Salud (OMS) ha alertado sobre una hambruna inminente debido al bloqueo total impuesto por Israel desde marzo, que ha impedido la entrada de suministros esenciales.<\/p>\n","protected":false},"excerpt":{"rendered":"<p>El primer ministro israel\u00ed sincer\u00f3 el objetivo final de su gobierno. En las \u00faltimas 24 horas, su ej\u00e9rcito asesin\u00f3 a 146 personas, entre ellas cinco periodistas, y ya son m\u00e1s de 53.300 los muertos en Gaza, la gran mayor\u00eda mujeres y ni\u00f1os &nbsp; &nbsp; En medio del recrudecimiento de la ofensiva israel\u00ed en Gaza, que super\u00f3 las 53.300 personas asesinadas (la gran mayor\u00eda mujeres y ni\u00f1os), el primer ministro Benjamin Netanyahu afirm\u00f3 este lunes que su ej\u00e9rcito \u201cva a tomar el control de toda la Franja\u201d. Adem\u00e1s, anunci\u00f3 que va&#8230;<\/p>\n","protected":false},"author":3,"featured_media":128773,"comment_status":"closed","ping_status":"closed","sticky":false,"template":"","format":"standard","meta":[],"categories":[4],"tags":[],"_links":{"self":[{"href":"https:\/\/www.actualidadadiario.com\/index.php\/wp-json\/wp\/v2\/posts\/128772"}],"collection":[{"href":"https:\/\/www.actualidadadiario.com\/index.php\/wp-json\/wp\/v2\/posts"}],"about":[{"href":"https:\/\/www.actualidadadiario.com\/index.php\/wp-json\/wp\/v2\/types\/post"}],"author":[{"embeddable":true,"href":"https:\/\/www.actualidadadiario.com\/index.php\/wp-json\/wp\/v2\/users\/3"}],"replies":[{"embeddable":true,"href":"https:\/\/www.actualidadadiario.com\/index.php\/wp-json\/wp\/v2\/comments?post=128772"}],"version-history":[{"count":1,"href":"https:\/\/www.actualidadadiario.com\/index.php\/wp-json\/wp\/v2\/posts\/128772\/revisions"}],"predecessor-version":[{"id":128774,"href":"https:\/\/www.actualidadadiario.com\/index.php\/wp-json\/wp\/v2\/posts\/128772\/revisions\/128774"}],"wp:featuredmedia":[{"embeddable":true,"href":"https:\/\/www.actualidadadiario.com\/index.php\/wp-json\/wp\/v2\/media\/128773"}],"wp:attachment":[{"href":"https:\/\/www.actualidadadiario.com\/index.php\/wp-json\/wp\/v2\/media?parent=128772"}],"wp:term":[{"taxonomy":"category","embeddable":true,"href":"https:\/\/www.actualidadadiario.com\/index.php\/wp-json\/wp\/v2\/categories?post=128772"},{"taxonomy":"post_tag","embeddable":true,"href":"https:\/\/www.actualidadadiario.com\/index.php\/wp-json\/wp\/v2\/tags?post=128772"}],"curies":[{"name":"wp","href":"https:\/\/api.w.org\/{rel}","templated":true}]}}