{"id":128767,"date":"2025-05-19T14:53:37","date_gmt":"2025-05-19T17:53:37","guid":{"rendered":"https:\/\/www.actualidadadiario.com\/?p=128767"},"modified":"2025-05-19T14:53:37","modified_gmt":"2025-05-19T17:53:37","slug":"que-es-el-anillo-del-pescador-la-joya-historica-que-marca-el-inicio-del-papado-de-leon-xiv","status":"publish","type":"post","link":"https:\/\/www.actualidadadiario.com\/index.php\/2025\/05\/19\/que-es-el-anillo-del-pescador-la-joya-historica-que-marca-el-inicio-del-papado-de-leon-xiv\/","title":{"rendered":"Qu\u00e9 es el anillo del pescador: la joya hist\u00f3rica que marca el inicio del papado de Le\u00f3n XIV"},"content":{"rendered":"<p style=\"text-align: center;\"><em><strong>Este domingo se entregaron al nuevo papa las dos insignas hist\u00f3ricas de la Iglesia Cat\u00f3lica que marcan el inicio del nuevo ciclo papal<\/strong><\/em><\/p>\n<p>&nbsp;<\/p>\n<p>&nbsp;<\/p>\n<p>Este domingo 18 de mayo, el papa Le\u00f3n XIV dio inicio formal a su pontificado con una misa en la Plaza de San Pedro, en el Vaticano. Durante la ceremonia se realizar\u00e1 el rito de imposici\u00f3n del Palio y la entrega del Anillo del Pescador, dos de las insignias m\u00e1s importantes que simbolizan el comienzo del ministerio petrino.<\/p>\n<p>El Palio, es una estrecha banda de lana blanca que se coloca sobre los hombros, por encima de la casulla. Esto representa la figura del obispo como buen pastor y, a la vez, al Cordero de Dios, crucificado por la salvaci\u00f3n de la humanidad.<\/p>\n<p>Este ornamento lit\u00fargico est\u00e1 decorado con seis cruces negras de seda \u2014cuatro en el anillo que rodea los hombros y dos en los extremos que caen por el pecho y la espalda\u2014, y lleva tambi\u00e9n tres alfileres (ac\u00edcula) que evocan los clavos de la cruz de Cristo.<\/p>\n<p>Ambos elementos, el Anillo del Pescador y el Palio, reafirman la continuidad apost\u00f3lica y la responsabilidad pastoral del Papa como gu\u00eda espiritual de la Iglesia universal.<\/p>\n<p>&nbsp;<\/p>\n<p><strong>El Anillo del Pescador: historia y simbolismo<\/strong><\/p>\n<p>El Anillo del Pescador, tambi\u00e9n conocido como anulus piscatoris, es uno de los emblemas m\u00e1s antiguos y representativos del papado. Su uso data del siglo XIII, con registros de 1265, cuando el papa Clemente IV mencion\u00f3 en una carta a su sobrino que los documentos oficiales del Vaticano eran sellados con un anillo que llevaba la imagen de San Pedro pescando.<\/p>\n<p>El anillo, que tradicionalmente se entrega al papa al iniciar su mandato, simboliza el rol del pont\u00edfice como sucesor de Pedro, el ap\u00f3stol pescador llamado por Jes\u00fas para ser &#8220;pescador de hombres&#8221;. En el caso de Le\u00f3n XIV, el interior del anillo lleva grabado su nombre, mientras que el exterior representa a San Pedro con las llaves del Reino y una red.<\/p>\n<p>Adem\u00e1s de su carga simb\u00f3lica, el anillo tiene un valor funcional: hist\u00f3ricamente se utiliz\u00f3 como sello oficial de los documentos papales. Por esa raz\u00f3n, y para evitar su falsificaci\u00f3n, la tradici\u00f3n indica que el anillo debe ser destruido tras la muerte del Papa.<\/p>\n<p>Al fallecer el Sumo Pont\u00edfice, el anillo es retirado por el camarlengo \u2014cargo que actualmente ocupa el cardenal Kevin Farrell\u2014 y golpeado con un martillo hasta deformarlo. En muchos casos, sus restos se funden y se utilizan para elaborar el anillo del pr\u00f3ximo Papa. Sin embargo, hubo excepciones. Tras la renuncia de Benedicto XVI, por ejemplo, el anillo fue simplemente marcado con una cruz para inutilizarlo, sin ser destruido por completo.<\/p>\n<p>&nbsp;<\/p>\n<p><strong>El giro de Francisco: oro plateado en lugar de dorado<\/strong><\/p>\n<p>El papa Francisco introdujo una modificaci\u00f3n significativa a esta tradici\u00f3n: opt\u00f3 por llevar el Anillo del Pescador confeccionado en oro plateado, en lugar del tradicional dorado. La elecci\u00f3n busc\u00f3 reflejar austeridad y humildad, en l\u00ednea con el estilo sobrio de su pontificado. A pesar del cambio de material, se mantuvo el dise\u00f1o hist\u00f3rico de la joya.<\/p>\n","protected":false},"excerpt":{"rendered":"<p>Este domingo se entregaron al nuevo papa las dos insignas hist\u00f3ricas de la Iglesia Cat\u00f3lica que marcan el inicio del nuevo ciclo papal &nbsp; &nbsp; Este domingo 18 de mayo, el papa Le\u00f3n XIV dio inicio formal a su pontificado con una misa en la Plaza de San Pedro, en el Vaticano. Durante la ceremonia se realizar\u00e1 el rito de imposici\u00f3n del Palio y la entrega del Anillo del Pescador, dos de las insignias m\u00e1s importantes que simbolizan el comienzo del ministerio petrino. El Palio, es una estrecha banda de&#8230;<\/p>\n","protected":false},"author":3,"featured_media":128768,"comment_status":"closed","ping_status":"closed","sticky":false,"template":"","format":"standard","meta":[],"categories":[4],"tags":[],"_links":{"self":[{"href":"https:\/\/www.actualidadadiario.com\/index.php\/wp-json\/wp\/v2\/posts\/128767"}],"collection":[{"href":"https:\/\/www.actualidadadiario.com\/index.php\/wp-json\/wp\/v2\/posts"}],"about":[{"href":"https:\/\/www.actualidadadiario.com\/index.php\/wp-json\/wp\/v2\/types\/post"}],"author":[{"embeddable":true,"href":"https:\/\/www.actualidadadiario.com\/index.php\/wp-json\/wp\/v2\/users\/3"}],"replies":[{"embeddable":true,"href":"https:\/\/www.actualidadadiario.com\/index.php\/wp-json\/wp\/v2\/comments?post=128767"}],"version-history":[{"count":1,"href":"https:\/\/www.actualidadadiario.com\/index.php\/wp-json\/wp\/v2\/posts\/128767\/revisions"}],"predecessor-version":[{"id":128769,"href":"https:\/\/www.actualidadadiario.com\/index.php\/wp-json\/wp\/v2\/posts\/128767\/revisions\/128769"}],"wp:featuredmedia":[{"embeddable":true,"href":"https:\/\/www.actualidadadiario.com\/index.php\/wp-json\/wp\/v2\/media\/128768"}],"wp:attachment":[{"href":"https:\/\/www.actualidadadiario.com\/index.php\/wp-json\/wp\/v2\/media?parent=128767"}],"wp:term":[{"taxonomy":"category","embeddable":true,"href":"https:\/\/www.actualidadadiario.com\/index.php\/wp-json\/wp\/v2\/categories?post=128767"},{"taxonomy":"post_tag","embeddable":true,"href":"https:\/\/www.actualidadadiario.com\/index.php\/wp-json\/wp\/v2\/tags?post=128767"}],"curies":[{"name":"wp","href":"https:\/\/api.w.org\/{rel}","templated":true}]}}