{"id":128764,"date":"2025-05-19T14:34:04","date_gmt":"2025-05-19T17:34:04","guid":{"rendered":"https:\/\/www.actualidadadiario.com\/?p=128764"},"modified":"2025-05-19T14:34:04","modified_gmt":"2025-05-19T17:34:04","slug":"el-oficialismo-se-prepara-para-una-semana-legislativa-dificil","status":"publish","type":"post","link":"https:\/\/www.actualidadadiario.com\/index.php\/2025\/05\/19\/el-oficialismo-se-prepara-para-una-semana-legislativa-dificil\/","title":{"rendered":"El oficialismo se prepara para una semana legislativa dif\u00edcil"},"content":{"rendered":"<p style=\"text-align: center;\"><em><strong>La elecci\u00f3n en CABA le dio a La Libertad Avanza una victoria contundente, sobre todo sobre su principal aliado. El enigma del correlato en la C\u00e1mara baja por el resultado y los tratos. Las perspectivas para el mi\u00e9rcoles<\/strong><\/em><\/p>\n<p>&nbsp;<\/p>\n<p>&nbsp;<\/p>\n<p>Con la elecci\u00f3n porte\u00f1a ya resuelta, el Gobierno nacional debe concentrarse ahora en la cotidianeidad, que incluye una semana que se anticipa complicada en la C\u00e1mara baja. Despu\u00e9s de una suerte de receso preelectoral en el Congreso, en la que s\u00ed hubo una actividad muy trascendente, como fue la reuni\u00f3n de las comisiones de Previsi\u00f3n Social y Presupuesto y Hacienda, en la que se emiti\u00f3 una docena de dict\u00e1menes sobre la cuesti\u00f3n previsional. Un tema no menor, que desatar\u00e1 una gran discusi\u00f3n en el recinto el pr\u00f3ximo mi\u00e9rcoles, que es cuando la oposici\u00f3n piensa dar ese debate.<\/p>\n<p>Eso s\u00ed, antes deber\u00e1n ponerse de acuerdo para emprolijar c\u00f3mo ser\u00e1 la discusi\u00f3n.<\/p>\n<p>La idea es sesionar este mi\u00e9rcoles, y para eso la oposici\u00f3n buscar\u00e1 alcanzar acuerdos este lunes y convocar luego a sesionar el 21. Ser\u00e1 el d\u00eda despu\u00e9s del resultado electoral en la Ciudad de Buenos Aires, que dej\u00f3 al mile\u00edsmo con m\u00e1s poder, pero habr\u00e1 que ver si eso se trasluce en el recinto. Entre otras cosas, habr\u00e1 que atender el nivel de compromiso que de ahora en m\u00e1s vaya a asumir el bloque Pro, que ha entrado en efervescencia.<\/p>\n<p>Lo sabe muy bien el oficialismo, que se pondr\u00e1 en guardia este mi\u00e9rcoles. Sabe que la tendr\u00e1 complicada, porque la oposici\u00f3n ir\u00e1 con otros temas adem\u00e1s de la cuesti\u00f3n previsional. En primer lugar, al principio de la misma, saben en La Libertad Avanza que la oposici\u00f3n buscar\u00e1 poner a consideraci\u00f3n la elecci\u00f3n de auditores para la hoy ac\u00e9fala AGN. Y ah\u00ed se arriesga a sufrir el primer traspi\u00e9, que sabe que no puede frenar si la sesi\u00f3n arranca.<\/p>\n<p>Pero hay otros temas con los que tendr\u00e1 que lidiar Mart\u00edn Menem en esta sesi\u00f3n jabonosa que se le presentar\u00e1. El Gobierno super\u00f3 con alivio la instancia de las interpelaciones, luego de que el mi\u00e9rcoles \u00faltimo pasara sin pena ni gloria la no sesi\u00f3n en la que debieron haber sido interpelados los ministros Mariano C\u00faneo Libarona y Luis Caputo. Se anunci\u00f3 en la sesi\u00f3n del 29 de abril, cuando la interpelaci\u00f3n a Guillermo Francos, pero nunca se oficializ\u00f3, pues los involucrados jam\u00e1s se hicieron eco de la convocatoria. M\u00e1s que suspenderse, o postergarse, la sesi\u00f3n se apag\u00f3. La oposici\u00f3n se limit\u00f3 a intimar al presidente de la C\u00e1mara a definir si habr\u00eda o no sesi\u00f3n, aqu\u00e9l ni contest\u00f3 y hoy por hoy ya todos dan el tema por concluido. Tampoco es que la oposici\u00f3n tuviera asegurado el n\u00famero para el qu\u00f3rum, la verdad sea dicha.<\/p>\n<p>Ahora ir\u00e1n por algo m\u00e1s concreto y que ofrece mejores alternativas de avance, como es la Comisi\u00f3n Investigadora de la Criptomoneda $LIBRA, que est\u00e1 empantanada por no poder constituirse del todo ya que no puede definir sus autoridades. En la \u00fanica reuni\u00f3n que hubo hasta ahora, se confirm\u00f3 que las partes est\u00e1n empatadas en 14 y eso impide la elecci\u00f3n de un presidente que ordene el juego. Y desde ya que no es lo mismo que presida un opositor, que un aliado del oficialismo.<\/p>\n<p>Tal cual lo anunciado oportunamente, los bloques opositores pondr\u00e1n a consideraci\u00f3n el tema en la sesi\u00f3n que pedir\u00e1n para este mi\u00e9rcoles. Si bien pensaban no solo definir autoridades, sino tambi\u00e9n discutir la conformaci\u00f3n de la comisi\u00f3n, volviendo al n\u00famero original de 24 miembros, eso fue desechado. \u201cCreemos que hay que avanzar, no retroceder. Nos da m\u00e1s chance de destrabar\u201d, confi\u00f3 a parlamentario.com un diputado opositor que est\u00e1 en la mesa chica que determinar\u00e1 los pasos a seguir.<\/p>\n<p>Desde el oficialismo replicar\u00e1n que para discutir el tema se necesita habilitarlo con los dos tercios, pero desde la oposici\u00f3n propondr\u00e1n una moci\u00f3n que entienden que se debe votar con mayor\u00eda simple. Ser\u00e1 una larga discusi\u00f3n. \u201cS\u00ed, vamos preparados\u201d, advirti\u00f3 la fuente consultada.<\/p>\n<p>Antes de pedir la sesi\u00f3n definir\u00e1n los opositores definir\u00e1n tambi\u00e9n si incluyen en el debate la emergencia en discapacidad, que ya cuenta con dictamen, y tal vez otros emplazamientos.<\/p>\n<p>Todo eso lo llevar\u00e1n a un recinto en el que esperan retumben todav\u00eda las repercusiones del resultado de este domingo en la Ciudad. Donde el oficialismo consigui\u00f3 su objetivo de desplazar al Pro al tercer lugar, y de yapa ganarle a Leandro Santoro.<\/p>\n<p>Habr\u00e1 que ver si la diferencia holgada entre el oficialismo y el Pro termina siendo una complicaci\u00f3n. En rigor, nunca un triunfo electoral debe serlo, pero ha habido demasiados cruces con los principales aliados que m\u00e1s de uno podr\u00eda comenzar a dejar la colaboraci\u00f3n de lado.<\/p>\n<p>Y en el oficialismo admiten que m\u00e1s all\u00e1 de la victoria, en Diputados se encontrar\u00e1n inmediatamente despu\u00e9s con una situaci\u00f3n de debilidad que tal vez sea la m\u00e1s extrema que recuerden. La apuesta es entonces a que no haya sesi\u00f3n.<\/p>\n","protected":false},"excerpt":{"rendered":"<p>La elecci\u00f3n en CABA le dio a La Libertad Avanza una victoria contundente, sobre todo sobre su principal aliado. El enigma del correlato en la C\u00e1mara baja por el resultado y los tratos. Las perspectivas para el mi\u00e9rcoles &nbsp; &nbsp; Con la elecci\u00f3n porte\u00f1a ya resuelta, el Gobierno nacional debe concentrarse ahora en la cotidianeidad, que incluye una semana que se anticipa complicada en la C\u00e1mara baja. Despu\u00e9s de una suerte de receso preelectoral en el Congreso, en la que s\u00ed hubo una actividad muy trascendente, como fue la reuni\u00f3n&#8230;<\/p>\n","protected":false},"author":3,"featured_media":128765,"comment_status":"closed","ping_status":"closed","sticky":false,"template":"","format":"standard","meta":[],"categories":[18],"tags":[],"_links":{"self":[{"href":"https:\/\/www.actualidadadiario.com\/index.php\/wp-json\/wp\/v2\/posts\/128764"}],"collection":[{"href":"https:\/\/www.actualidadadiario.com\/index.php\/wp-json\/wp\/v2\/posts"}],"about":[{"href":"https:\/\/www.actualidadadiario.com\/index.php\/wp-json\/wp\/v2\/types\/post"}],"author":[{"embeddable":true,"href":"https:\/\/www.actualidadadiario.com\/index.php\/wp-json\/wp\/v2\/users\/3"}],"replies":[{"embeddable":true,"href":"https:\/\/www.actualidadadiario.com\/index.php\/wp-json\/wp\/v2\/comments?post=128764"}],"version-history":[{"count":1,"href":"https:\/\/www.actualidadadiario.com\/index.php\/wp-json\/wp\/v2\/posts\/128764\/revisions"}],"predecessor-version":[{"id":128766,"href":"https:\/\/www.actualidadadiario.com\/index.php\/wp-json\/wp\/v2\/posts\/128764\/revisions\/128766"}],"wp:featuredmedia":[{"embeddable":true,"href":"https:\/\/www.actualidadadiario.com\/index.php\/wp-json\/wp\/v2\/media\/128765"}],"wp:attachment":[{"href":"https:\/\/www.actualidadadiario.com\/index.php\/wp-json\/wp\/v2\/media?parent=128764"}],"wp:term":[{"taxonomy":"category","embeddable":true,"href":"https:\/\/www.actualidadadiario.com\/index.php\/wp-json\/wp\/v2\/categories?post=128764"},{"taxonomy":"post_tag","embeddable":true,"href":"https:\/\/www.actualidadadiario.com\/index.php\/wp-json\/wp\/v2\/tags?post=128764"}],"curies":[{"name":"wp","href":"https:\/\/api.w.org\/{rel}","templated":true}]}}