{"id":128761,"date":"2025-05-20T10:32:57","date_gmt":"2025-05-20T13:32:57","guid":{"rendered":"https:\/\/www.actualidadadiario.com\/?p=128761"},"modified":"2025-05-20T11:53:27","modified_gmt":"2025-05-20T14:53:27","slug":"la-oposicion-intentara-elegir-dos-miembros-propios-para-la-agn-en-diputados-este-miercoles","status":"publish","type":"post","link":"https:\/\/www.actualidadadiario.com\/index.php\/2025\/05\/20\/la-oposicion-intentara-elegir-dos-miembros-propios-para-la-agn-en-diputados-este-miercoles\/","title":{"rendered":"La oposici\u00f3n intentar\u00e1 elegir dos miembros propios para la AGN en Diputados este mi\u00e9rcoles"},"content":{"rendered":"<p style=\"text-align: center;\"><em><strong>M\u00e1s all\u00e1 del gran triunfo electoral conseguido por LLA el fin de semana, deber\u00e1 dar vuelta la p\u00e1gina cuando, si hay sesi\u00f3n, los opositores intenten llevar al recinto un acuerdo alcanzado entre el bloque m\u00e1s numeroso y la bancada de Miguel Pichetto. Qui\u00e9nes son los elegidos para un organismo de control que hoy tiene un solo miembro<\/strong><\/em><\/p>\n<p>&nbsp;<\/p>\n<p>&nbsp;<\/p>\n<p>Pasados los comicios que desvelaban a La Libertad Avanza, toda la atenci\u00f3n vuelve esta semana al Congreso de la Naci\u00f3n. Ya no para atender la discusi\u00f3n por ficha limpia, que ya qued\u00f3 para el pr\u00f3ximo a\u00f1o, sino por una bomba de tiempo latente a la que solo ha podido postergar: la definici\u00f3n sobre los miembros de la Auditor\u00eda General de la Naci\u00f3n.<\/p>\n<p>No ser\u00e1 la \u00fanica cuesti\u00f3n que se debatir\u00e1 esta semana, pero s\u00ed una de las m\u00e1s urticantes.<\/p>\n<p>El tema est\u00e1 pendiente desde el a\u00f1o pasado, cuando vencieron los mandatos de los elegidos por parte de la C\u00e1mara de Diputados y La Libertad Avanza quiso nominar un nombre suyo para ese organismo. Como originalmente se hab\u00eda acordado otra cosa, no qued\u00f3 m\u00e1s que patear el tema para adelante a la espera de encontrar una soluci\u00f3n que nunca apareci\u00f3. M\u00e1s bien el tema se complic\u00f3 a\u00fan m\u00e1s cuando vencieron tambi\u00e9n los mandatos de los representantes del Senado y la AGN qued\u00f3 en una situaci\u00f3n extrema: con un solo miembro: su presidente, el representante del principal partido e la oposici\u00f3n, Juan Manuel Olmos. Los otros seis cargos est\u00e1n vacantes.<\/p>\n<p>El problema para el oficialismo se plantear\u00e1 en la pr\u00f3xima sesi\u00f3n, cuando la oposici\u00f3n busque forzar en la C\u00e1mara baja la designaci\u00f3n de dos de los miembros, luego de que Uni\u00f3n por la Patria y Encuentro Federal se pusieran de acuerdo. Si Todo Marcha Acorde al Plan (TMAP, seg\u00fan la sigla patentada por Santiago Caputo), la oposici\u00f3n le asestar\u00e1 un duro rev\u00e9s al oficialismo este mi\u00e9rcoles.<\/p>\n<p>Seg\u00fan pudo verificar parlamentario.com, tienen los votos. As\u00ed las cosas, al oficialismo solo le resta apostar a que no haya qu\u00f3rum. En cuyo caso, solo ganar\u00e1 tiempo.<\/p>\n<p>Mientras tanto, los elegidos por la oposici\u00f3n son el kirchnerista Juan Ignacio Forl\u00f3n por Uni\u00f3n por la Patria y el diputado Emilio Monz\u00f3 por Encuentro Federal.<\/p>\n<p>&nbsp;<\/p>\n<p><strong>Una discusi\u00f3n de larga data<\/strong><\/p>\n<p>Como dijimos, hace rato que no se ponen de acuerdo sobre las designaciones, y el pasado 27 de marzo, al reunirse la Bicameral Mixta Revisora de Cuentas, que conduce Miguel Pichetto, se lanz\u00f3 una intimaci\u00f3n. En esa oportunidad, Pichetto record\u00f3 que el 31 de marzo ser\u00eda \u201cla \u00faltima reuni\u00f3n de la Auditor\u00eda con los representantes del Senado\u201d, dado que el mandato de Francisco Javier Fern\u00e1ndez, Graciela de la Rosa y Alejandro Nieva venc\u00eda ese d\u00eda. Recordemos que los dos primeros fueron designados en nombre de UP y el tercero en representaci\u00f3n de la UCR. Pichetto anunci\u00f3 en esa ocasi\u00f3n que acababan de enviarles a los presidentes de ambas c\u00e1maras, Victoria Villarruel y Mart\u00edn Menem, notas reclam\u00e1ndoles poner en marcha el mecanismo correspondiente y convocar a los presidentes de los bloques para definir a los representantes ante la AGN, ya que si no se completa el organismo eligiendo a los auditores que faltan el mismo quedar\u00eda ac\u00e9falo.<\/p>\n<p>En abril de 2024 vencieron los mandatos de Juan Ignacio Forl\u00f3n, Santiago Estrada y Jes\u00fas Rodr\u00edguez (estos dos \u00faltimos designados por el Pro y la UCR, respectivamente). Las negociaciones en su momento no llegaron a buen puerto en la C\u00e1mara baja. El oficialismo, que primero no quer\u00eda una silla en el organismo y despu\u00e9s s\u00ed (para Santiago Viola), no logr\u00f3 un acuerdo con sus aliados del Pro y la UCR, que aspiraban a poner uno cada uno.<\/p>\n<p>En esta discusi\u00f3n, el bloque Encuentro Federal siempre fue clave, pues en agosto del a\u00f1o pasado hab\u00eda expresado su apoyo, junto con la Coalici\u00f3n C\u00edvica, al elegido de la UCR, Mario Negri. Y tambi\u00e9n apoy\u00f3 el pedido del Pro, en favor de Jorge Triaca. Fue entonces cuando LLA se desentendi\u00f3 del acuerdo original y pidi\u00f3 uno de esos cargos. A todo esto, las negras tambi\u00e9n juegan\u2026 y UP reclamaba dos lugares, argumentando que por el n\u00famero de diputados con que cuentan les corresponde ese n\u00famero. Como sea, el tema se define por votaci\u00f3n en el recinto, o sea que todo depende de los apoyos.<\/p>\n<p>Ah\u00ed es donde entra a tallar el acuerdo alcanzado los \u00faltimos d\u00edas entre Germ\u00e1n Mart\u00ednez y Miguel Pichetto, para designar a Forl\u00f3n y Monz\u00f3. Entre ambos espacios suman 111 diputados, pero aseguran contar con una treintena m\u00e1s de votos para rubricar el acuerdo.<\/p>\n<p>La situaci\u00f3n complica al oficialismo, que nunca quiso romper con sus aliados por este tema. Ahora el radicalismo qued\u00f3 pr\u00e1cticamente fuera de la discusi\u00f3n, porque el bloque que conduce Rodrigo de Loredo perdi\u00f3 miembros y hoy solo tiene 14. Pero el Pro sigue ah\u00ed, y La Libertad Avanza debe resolver si vuelve a tensar a\u00fan m\u00e1s la relaci\u00f3n con el partido amarillo, con el que ya se trenz\u00f3 por ficha limpia y, este domingo, en la elecci\u00f3n porte\u00f1a.<\/p>\n<p>Un dato no menor es que los cargos en la AGN son por ocho a\u00f1os, lo cual explica de alguna manera porqu\u00e9 el oficialismo est\u00e1 tan remiso a quedarse sin nada.<\/p>\n<p>Que es lo que suceder\u00e1 en el Senado, donde Uni\u00f3n por la Patria aspira a retener dos lugares de parte de la C\u00e1mara alta y el radicalismo quedarse con el cargo restante. Con solo 6 senadores, ah\u00ed LLA no tiene mucho poder de fuego.<\/p>\n<p>En este contexto, con una conformaci\u00f3n de la AGN completa, el peronismo podr\u00eda quedarse con cuatro de los siete lugares, lo que le asegura una mayor\u00eda. Se ver\u00e1.<\/p>\n<p>&nbsp;<\/p>\n<p><strong>Qu\u00e9 es la AGN<\/strong><\/p>\n<p>La Auditor\u00eda General de la Naci\u00f3n es un organismo instituido en la \u00f3rbita del Congreso de la Naci\u00f3n, cuya funci\u00f3n es asistir t\u00e9cnicamente al Parlamento en el control externo del sector p\u00fablico nacional, mediante la realizaci\u00f3n de auditor\u00edas y estudios especiales.<\/p>\n<p>Seg\u00fan establece el art\u00edculo 85 de la Constituci\u00f3n, el presidente de la AGN es siempre designado a propuesta del principal partido de la oposici\u00f3n con mayor n\u00famero de legisladores en el Congreso. Esa designaci\u00f3n se realiza mediante resoluci\u00f3n de ambas c\u00e1maras del Congreso.<\/p>\n<p>Como hemos dicho, 6 de dichos auditores generales son designados por las c\u00e1maras del Congreso Nacional: 3 por la de Senadores, y 3 por la de Diputados, observando la composici\u00f3n de cada una.<\/p>\n","protected":false},"excerpt":{"rendered":"<p>M\u00e1s all\u00e1 del gran triunfo electoral conseguido por LLA el fin de semana, deber\u00e1 dar vuelta la p\u00e1gina cuando, si hay sesi\u00f3n, los opositores intenten llevar al recinto un acuerdo alcanzado entre el bloque m\u00e1s numeroso y la bancada de Miguel Pichetto. Qui\u00e9nes son los elegidos para un organismo de control que hoy tiene un solo miembro &nbsp; &nbsp; Pasados los comicios que desvelaban a La Libertad Avanza, toda la atenci\u00f3n vuelve esta semana al Congreso de la Naci\u00f3n. Ya no para atender la discusi\u00f3n por ficha limpia, que ya&#8230;<\/p>\n","protected":false},"author":3,"featured_media":128762,"comment_status":"closed","ping_status":"closed","sticky":false,"template":"","format":"standard","meta":[],"categories":[18],"tags":[],"_links":{"self":[{"href":"https:\/\/www.actualidadadiario.com\/index.php\/wp-json\/wp\/v2\/posts\/128761"}],"collection":[{"href":"https:\/\/www.actualidadadiario.com\/index.php\/wp-json\/wp\/v2\/posts"}],"about":[{"href":"https:\/\/www.actualidadadiario.com\/index.php\/wp-json\/wp\/v2\/types\/post"}],"author":[{"embeddable":true,"href":"https:\/\/www.actualidadadiario.com\/index.php\/wp-json\/wp\/v2\/users\/3"}],"replies":[{"embeddable":true,"href":"https:\/\/www.actualidadadiario.com\/index.php\/wp-json\/wp\/v2\/comments?post=128761"}],"version-history":[{"count":1,"href":"https:\/\/www.actualidadadiario.com\/index.php\/wp-json\/wp\/v2\/posts\/128761\/revisions"}],"predecessor-version":[{"id":128763,"href":"https:\/\/www.actualidadadiario.com\/index.php\/wp-json\/wp\/v2\/posts\/128761\/revisions\/128763"}],"wp:featuredmedia":[{"embeddable":true,"href":"https:\/\/www.actualidadadiario.com\/index.php\/wp-json\/wp\/v2\/media\/128762"}],"wp:attachment":[{"href":"https:\/\/www.actualidadadiario.com\/index.php\/wp-json\/wp\/v2\/media?parent=128761"}],"wp:term":[{"taxonomy":"category","embeddable":true,"href":"https:\/\/www.actualidadadiario.com\/index.php\/wp-json\/wp\/v2\/categories?post=128761"},{"taxonomy":"post_tag","embeddable":true,"href":"https:\/\/www.actualidadadiario.com\/index.php\/wp-json\/wp\/v2\/tags?post=128761"}],"curies":[{"name":"wp","href":"https:\/\/api.w.org\/{rel}","templated":true}]}}