{"id":128757,"date":"2025-05-19T14:31:09","date_gmt":"2025-05-19T17:31:09","guid":{"rendered":"https:\/\/www.actualidadadiario.com\/?p=128757"},"modified":"2025-05-19T14:31:09","modified_gmt":"2025-05-19T17:31:09","slug":"tras-las-elecciones-en-caba-milei-pronostico-un-batacazo-en-la-provincia-de-buenos-aires","status":"publish","type":"post","link":"https:\/\/www.actualidadadiario.com\/index.php\/2025\/05\/19\/tras-las-elecciones-en-caba-milei-pronostico-un-batacazo-en-la-provincia-de-buenos-aires\/","title":{"rendered":"Tras las elecciones en CABA, Milei pronostic\u00f3 un &#8220;batacazo&#8221; en la provincia de Buenos Aires"},"content":{"rendered":"<p style=\"text-align: center;\"><em><strong>Despu\u00e9s del triunfo de Manuel Adorni en la Ciudad, Javier Milei se mostr\u00f3 entusiasmado y consider\u00f3 que el resultado de las elecciones 2025 en CABA son el \u201cpuntapi\u00e9 fundamental\u201d para consolidar a LLA a nivel nacional<\/strong><\/em><\/p>\n<p>&nbsp;<\/p>\n<p>&nbsp;<\/p>\n<p>El presidente Javier Milei asegur\u00f3 este lunes que La Libertad Avanza se encamina a un resultado significativo en la provincia de Buenos Aires, donde el pr\u00f3ximo 7 de septiembre se celebrar\u00e1n elecciones. \u201cVamos a dar otro batacazo\u201d, afirm\u00f3 durante una entrevista televisiva, en la que tambi\u00e9n destac\u00f3 la performance de Manuel Adorni en la Ciudad de Buenos Aires.<\/p>\n<p>Seg\u00fan Milei, las conversaciones con sectores del PRO en territorio bonaerense est\u00e1n \u201cmuy avanzadas\u201d. Aunque no dio detalles concretos, mencion\u00f3 reuniones entre su entorno y dirigentes como Cristian Ritondo, Diego Santilli y Jos\u00e9 Luis Espert. El objetivo ser\u00eda conformar una lista com\u00fan que represente al espacio liberal y parte de la centroderecha.<\/p>\n<p>El mandatario diferenci\u00f3 esas negociaciones del liderazgo de Mauricio Macri, al se\u00f1alar que \u201cel acuerdo est\u00e1 avanzando independientemente de \u00e9l\u201d. En ese marco, consider\u00f3 que \u201cmuchos dirigentes est\u00e1n tomando nota de que el PRO es una herramienta que qued\u00f3 obsoleta\u201d frente a los desaf\u00edos actuales.<\/p>\n<p>Milei insisti\u00f3 en que la estrategia electoral de LLA es \u201cpintar de violeta todo el pa\u00eds\u201d, en referencia al color que identifica a su partido. Y subray\u00f3 que el desempe\u00f1o en CABA representa \u201cel puntapi\u00e9 fundamental\u201d para consolidar ese proyecto pol\u00edtico en otras provincias, especialmente en Buenos Aires, el distrito con mayor peso electoral.<\/p>\n<p>Sostuvo que la decisi\u00f3n del Gobierno porte\u00f1o de desdoblar las elecciones fue motivada por temores frente al crecimiento de su espacio. \u201cEso gener\u00f3 fastidio en la gente\u201d, dijo. Tambi\u00e9n remarc\u00f3 que LLA hab\u00eda planteado desde el inicio la necesidad de \u201cir juntos en todos lados\u201d.<\/p>\n<p>Consultado sobre posibles alianzas, el Presidente dijo que su partido est\u00e1 dispuesto a incorporar a todos los sectores que \u201cabracen las ideas de la libertad\u201d. Afirm\u00f3 que no se trata de sellos partidarios, sino de coincidencias program\u00e1ticas: \u201cTodo lo que sea espacio del centroderecha va a estar incluido\u201d.<\/p>\n<p>Milei cuestion\u00f3 duramente al PRO por sus propuestas en la campa\u00f1a porte\u00f1a. Afirm\u00f3 que algunas medidas, como el ingreso m\u00ednimo universal, se alinean con ideas de izquierda. Seg\u00fan \u00e9l, \u201cuna parte del PRO debe sincerarse con la sociedad sobre sus verdaderas posiciones\u201d.<\/p>\n","protected":false},"excerpt":{"rendered":"<p>Despu\u00e9s del triunfo de Manuel Adorni en la Ciudad, Javier Milei se mostr\u00f3 entusiasmado y consider\u00f3 que el resultado de las elecciones 2025 en CABA son el \u201cpuntapi\u00e9 fundamental\u201d para consolidar a LLA a nivel nacional &nbsp; &nbsp; El presidente Javier Milei asegur\u00f3 este lunes que La Libertad Avanza se encamina a un resultado significativo en la provincia de Buenos Aires, donde el pr\u00f3ximo 7 de septiembre se celebrar\u00e1n elecciones. \u201cVamos a dar otro batacazo\u201d, afirm\u00f3 durante una entrevista televisiva, en la que tambi\u00e9n destac\u00f3 la performance de Manuel Adorni&#8230;<\/p>\n","protected":false},"author":3,"featured_media":124799,"comment_status":"closed","ping_status":"closed","sticky":false,"template":"","format":"standard","meta":[],"categories":[18],"tags":[],"_links":{"self":[{"href":"https:\/\/www.actualidadadiario.com\/index.php\/wp-json\/wp\/v2\/posts\/128757"}],"collection":[{"href":"https:\/\/www.actualidadadiario.com\/index.php\/wp-json\/wp\/v2\/posts"}],"about":[{"href":"https:\/\/www.actualidadadiario.com\/index.php\/wp-json\/wp\/v2\/types\/post"}],"author":[{"embeddable":true,"href":"https:\/\/www.actualidadadiario.com\/index.php\/wp-json\/wp\/v2\/users\/3"}],"replies":[{"embeddable":true,"href":"https:\/\/www.actualidadadiario.com\/index.php\/wp-json\/wp\/v2\/comments?post=128757"}],"version-history":[{"count":1,"href":"https:\/\/www.actualidadadiario.com\/index.php\/wp-json\/wp\/v2\/posts\/128757\/revisions"}],"predecessor-version":[{"id":128758,"href":"https:\/\/www.actualidadadiario.com\/index.php\/wp-json\/wp\/v2\/posts\/128757\/revisions\/128758"}],"wp:featuredmedia":[{"embeddable":true,"href":"https:\/\/www.actualidadadiario.com\/index.php\/wp-json\/wp\/v2\/media\/124799"}],"wp:attachment":[{"href":"https:\/\/www.actualidadadiario.com\/index.php\/wp-json\/wp\/v2\/media?parent=128757"}],"wp:term":[{"taxonomy":"category","embeddable":true,"href":"https:\/\/www.actualidadadiario.com\/index.php\/wp-json\/wp\/v2\/categories?post=128757"},{"taxonomy":"post_tag","embeddable":true,"href":"https:\/\/www.actualidadadiario.com\/index.php\/wp-json\/wp\/v2\/tags?post=128757"}],"curies":[{"name":"wp","href":"https:\/\/api.w.org\/{rel}","templated":true}]}}