{"id":128749,"date":"2025-05-19T12:39:18","date_gmt":"2025-05-19T15:39:18","guid":{"rendered":"https:\/\/www.actualidadadiario.com\/?p=128749"},"modified":"2025-05-19T12:39:18","modified_gmt":"2025-05-19T15:39:18","slug":"la-intersindical-en-defensa-del-iosper-anuncio-que-el-miercoles-habra-paro-y-movilizacion","status":"publish","type":"post","link":"https:\/\/www.actualidadadiario.com\/index.php\/2025\/05\/19\/la-intersindical-en-defensa-del-iosper-anuncio-que-el-miercoles-habra-paro-y-movilizacion\/","title":{"rendered":"La Intersindical en defensa del Iosper anunci\u00f3 que el mi\u00e9rcoles habr\u00e1 paro y movilizaci\u00f3n"},"content":{"rendered":"<p style=\"text-align: center;\"><em><strong>En conferencia de prensa, el representante de Agmer se\u00f1al\u00f3: \u201cQueremos un debate en serio, no chicanas y tampoco confundir a la gente\u201d. La Intersindical hizo hincapi\u00e9 en mantener el car\u00e1cter solidario de la obra social, en modificar la ley vigente y en la representatividad de los trabajadores<\/strong><\/em><\/p>\n<p>&nbsp;<\/p>\n<p>&nbsp;<\/p>\n<p>Este lunes por la ma\u00f1ana, la Intersindical en Defensa del Instituto de la Obra Social de Entre R\u00edos (Iosper) brind\u00f3 una conferencia de prensa en la sede de la Asociaci\u00f3n Gremial del Magisterio de Entre R\u00edos (Agmer) Paran\u00e1, para anunciar un paro y movilizaci\u00f3n el pr\u00f3ximo mi\u00e9rcoles.<\/p>\n<p>El primero en tomar la palabra fue el secretario general de Agmer, Marcelo Pagani, quien respondi\u00f3 a declaraciones del ministro de Gobierno, Manuel Troncoso: \u201cQueremos un debate en serio, no chicanas ni confundir a la gente, como lo hace el Gobierno a trav\u00e9s de las redes sociales\u201d.<\/p>\n<p>El dirigente destac\u00f3 que la Intersindical envi\u00f3 un petitorio a las autoridades provinciales y afirm\u00f3 que \u201cal hacerlo, ejercemos un derecho constitucional\u201d. Aclar\u00f3 adem\u00e1s: \u201cNo estamos ejerciendo violencia. Las m\u00e1ximas autoridades deben aceptar que los trabajadores vamos a presentar nuestras demandas ante ellas\u201d.<\/p>\n<p>Pagani insisti\u00f3 en la necesidad de un debate real y con contenido: \u201cNo queremos generalidades como \u2018irregularidades\u2019, \u2018corrupci\u00f3n\u2019, \u2018chorros\u2019, \u2018d\u00e9ficit estructural\u2019. No hay un solo punto del Gobierno provincial que responda a lo que nosotros estamos planteando\u201d.<\/p>\n<p>El titular de Agmer responsabiliz\u00f3 al Ejecutivo por no propiciar un debate serio y subray\u00f3 que la mayor preocupaci\u00f3n del sector est\u00e1 en lo que no contempla el proyecto oficial: \u201cNos preocupa c\u00f3mo funcionar\u00e1n las prestaciones, las afiliaciones y los puestos de trabajo\u201d.<\/p>\n<p>\u201cSi hay irregularidades o sospechas de corrupci\u00f3n, que act\u00fae la Justicia, que se investigue, y que quienes est\u00e9n involucrados tengan derecho a la defensa\u201d, remarc\u00f3.<\/p>\n<p>Pagani tambi\u00e9n cuestion\u00f3 la intervenci\u00f3n del Iosper, a la que calific\u00f3 como \u201cuna prueba piloto\u201d.<\/p>\n<p>Finalmente, anunci\u00f3 que el gremio docente realizar\u00e1 un paro este mi\u00e9rcoles, en el marco de la movilizaci\u00f3n convocada por la Intersindical.<\/p>\n<p>En segundo lugar, tom\u00f3 la palabra el secretario general del Sindicato de Empleados de la Obra Social de la Provincia de Entre R\u00edos (Seosper), Horacio Rodr\u00edguez, quien record\u00f3 que desde el primer d\u00eda el gremio rechaz\u00f3 el proyecto que disuelve el Iosper. Adem\u00e1s, se\u00f1al\u00f3 que exigen detalles, reglas claras y que se escuche a los trabajadores.<\/p>\n<p>Rodr\u00edguez confirm\u00f3 que Seosper participar\u00e1 del paro convocado para este mi\u00e9rcoles y garantiz\u00f3 que se mantendr\u00e1n guardias m\u00ednimas para atender a los afiliados durante la jornada de protesta.<\/p>\n<p>Por su parte, el representante de la Asociaci\u00f3n de Trabajadores del Estado (ATE), Oscar Muntes, consider\u00f3 necesaria una actualizaci\u00f3n de la ley vigente y advirti\u00f3 que, en el proceso de modificaci\u00f3n del proyecto que busca disolver el Iosper, \u201cse pueden introducir elementos peligrosos\u201d. \u201cSi est\u00e1n modificando el proyecto, es porque lo que dice el gobierno provincial no va a ser ley\u201d, se\u00f1al\u00f3.<\/p>\n<p>Muntes tambi\u00e9n hizo hincapi\u00e9 en el riesgo de perder el principio de solidaridad que caracteriza al sistema: \u201c\u00bfC\u00f3mo no vamos a considerar esto como un problema si el gobierno nacional dinamit\u00f3 la econom\u00eda del pa\u00eds?\u201d, cuestion\u00f3.<\/p>\n<p>Por \u00faltimo, llam\u00f3 a marchar este mi\u00e9rcoles en defensa del Iosper y anunci\u00f3 que ATE tambi\u00e9n se sumar\u00e1 al paro convocado por la Intersindical.<\/p>\n<p>&nbsp;<\/p>\n<p><strong>Adhesiones al paro<\/strong><\/p>\n<p>Ante la consulta sobre qu\u00e9 otros gremios se sumar\u00e1n a la medida de fuerza, el representante de la Asociaci\u00f3n del Magisterio de Ense\u00f1anza T\u00e9cnica (AMET) respondi\u00f3 que se reunir\u00e1n con delegados de toda la provincia para definir los pasos a seguir. \u201cAdherimos a lo que se est\u00e1 trabajando dentro de la Intersindical\u201d, se\u00f1al\u00f3, y destac\u00f3 la preocupaci\u00f3n por preservar el principio de solidaridad de la obra social.<\/p>\n<p>Adem\u00e1s, otros sectores que anunciaron su adhesi\u00f3n al paro y la movilizaci\u00f3n son: el Centro de Jubilados y Pensionados Provinciales de Paran\u00e1, la Asociaci\u00f3n del Personal Superior de la Municipalidad de Paran\u00e1 (APS), y jubilados nucleados en ATE.<\/p>\n<p>&nbsp;<\/p>\n<p><strong>\u00bfQui\u00e9nes componen la Intersindical?<\/strong><\/p>\n<p>La Intersindical est\u00e1 integrada por la Asociaci\u00f3n de Trabajadores del Estado (ATE), la Asociaci\u00f3n Gremial del Magisterio de Entre R\u00edos (Agmer), la Asociaci\u00f3n Judicial de Entre R\u00edos (AJER), la Asociaci\u00f3n del Personal Legislativo de Entre R\u00edos (Apler), la Federaci\u00f3n Entrerriana de Sindicatos de Trabajadores Municipales (Festram), la Asociaci\u00f3n del Magisterio de Ense\u00f1anza T\u00e9cnica (AMET), el Sindicato de Empleados P\u00fablicos de Entre R\u00edos (Seper), el Sindicato Uni\u00f3n Obreros y Empleados Municipales (Suoyem), el Sindicato de Empleados de la Obra Social de la Provincia de Entre R\u00edos (Seosper) y la Federaci\u00f3n de Jubilados y Pensionados Provinciales.<\/p>\n<p>A estas organizaciones se suman m\u00faltiples agrupaciones de trabajadoras y trabajadores activos y jubilados, como Dignidad (agrupaci\u00f3n sin fines de lucro de polic\u00edas retirados), el Centro de Jubilados Docentes y la Comisi\u00f3n de Cesanteados de la Dictadura C\u00edvico-Militar, entre otros.<\/p>\n","protected":false},"excerpt":{"rendered":"<p>En conferencia de prensa, el representante de Agmer se\u00f1al\u00f3: \u201cQueremos un debate en serio, no chicanas y tampoco confundir a la gente\u201d. La Intersindical hizo hincapi\u00e9 en mantener el car\u00e1cter solidario de la obra social, en modificar la ley vigente y en la representatividad de los trabajadores &nbsp; &nbsp; Este lunes por la ma\u00f1ana, la Intersindical en Defensa del Instituto de la Obra Social de Entre R\u00edos (Iosper) brind\u00f3 una conferencia de prensa en la sede de la Asociaci\u00f3n Gremial del Magisterio de Entre R\u00edos (Agmer) Paran\u00e1, para anunciar un&#8230;<\/p>\n","protected":false},"author":3,"featured_media":128750,"comment_status":"closed","ping_status":"closed","sticky":false,"template":"","format":"standard","meta":[],"categories":[15],"tags":[],"_links":{"self":[{"href":"https:\/\/www.actualidadadiario.com\/index.php\/wp-json\/wp\/v2\/posts\/128749"}],"collection":[{"href":"https:\/\/www.actualidadadiario.com\/index.php\/wp-json\/wp\/v2\/posts"}],"about":[{"href":"https:\/\/www.actualidadadiario.com\/index.php\/wp-json\/wp\/v2\/types\/post"}],"author":[{"embeddable":true,"href":"https:\/\/www.actualidadadiario.com\/index.php\/wp-json\/wp\/v2\/users\/3"}],"replies":[{"embeddable":true,"href":"https:\/\/www.actualidadadiario.com\/index.php\/wp-json\/wp\/v2\/comments?post=128749"}],"version-history":[{"count":1,"href":"https:\/\/www.actualidadadiario.com\/index.php\/wp-json\/wp\/v2\/posts\/128749\/revisions"}],"predecessor-version":[{"id":128751,"href":"https:\/\/www.actualidadadiario.com\/index.php\/wp-json\/wp\/v2\/posts\/128749\/revisions\/128751"}],"wp:featuredmedia":[{"embeddable":true,"href":"https:\/\/www.actualidadadiario.com\/index.php\/wp-json\/wp\/v2\/media\/128750"}],"wp:attachment":[{"href":"https:\/\/www.actualidadadiario.com\/index.php\/wp-json\/wp\/v2\/media?parent=128749"}],"wp:term":[{"taxonomy":"category","embeddable":true,"href":"https:\/\/www.actualidadadiario.com\/index.php\/wp-json\/wp\/v2\/categories?post=128749"},{"taxonomy":"post_tag","embeddable":true,"href":"https:\/\/www.actualidadadiario.com\/index.php\/wp-json\/wp\/v2\/tags?post=128749"}],"curies":[{"name":"wp","href":"https:\/\/api.w.org\/{rel}","templated":true}]}}