{"id":128746,"date":"2025-05-19T12:35:05","date_gmt":"2025-05-19T15:35:05","guid":{"rendered":"https:\/\/www.actualidadadiario.com\/?p=128746"},"modified":"2025-05-19T12:35:05","modified_gmt":"2025-05-19T15:35:05","slug":"se-informo-el-estado-hidrologico-de-los-rios-parana-y-uruguay-y-las-nuevas-perspectivas-climatica","status":"publish","type":"post","link":"https:\/\/www.actualidadadiario.com\/index.php\/2025\/05\/19\/se-informo-el-estado-hidrologico-de-los-rios-parana-y-uruguay-y-las-nuevas-perspectivas-climatica\/","title":{"rendered":"Se inform\u00f3 el estado hidrol\u00f3gico de los r\u00edos Paran\u00e1 y Uruguay y las nuevas perspectivas clim\u00e1tica"},"content":{"rendered":"<p style=\"text-align: center;\"><em><strong>El Ministerio de Planeamiento, Infraestructura y Servicios, a trav\u00e9s de la Direcci\u00f3n General de Hidr\u00e1ulica y Obras Sanitarias de Entre R\u00edos, dio a conocer la situaci\u00f3n hidrol\u00f3gica de los r\u00edos Paran\u00e1 y Uruguay en la regi\u00f3n<\/strong><\/em><\/p>\n<p>&nbsp;<\/p>\n<p>&nbsp;<\/p>\n<p>El r\u00edo Paran\u00e1 persiste en niveles de aguas bajas, aunque con un leve ascenso de base, producto del aumento en la descarga del r\u00edo Paraguay y el mantenimiento de la erogaci\u00f3n desde la represa de Yacyret\u00e1. A pesar de esta tendencia, las proyecciones para el mes indican que los niveles seguir\u00e1n bajos o con ascensos puntuales hacia aguas medias bajas, especialmente en tramos como Santa Fe\/Paran\u00e1 &#8211; Rosario.<\/p>\n<p>Seg\u00fan explic\u00f3\u00a0 el director de Hidr\u00e1ulica y Obras Sanitarias, Oscar P\u00edntos, &#8220;aunque la recuperaci\u00f3n es muy gradual, se observa una cierta estabilizaci\u00f3n en los niveles debido a los aportes desde el norte y el comportamiento de los afluentes, pero seguimos en una situaci\u00f3n de inestabilidad&#8221;. Adem\u00e1s agreg\u00f3 que desde la Direcci\u00f3n &#8220;seguimos trabajando junto al INA y al SMN en el monitoreo continuo de las condiciones hidroclim\u00e1ticas&#8221;.<\/p>\n<p>En tanto, el r\u00edo Uruguay mostr\u00f3 un descenso progresivo durante abril. No obstante, las \u00faltimas lluvias permitieron una recuperaci\u00f3n en aguas medias, particularmente en el tramo medio del curso. Para el tramo inferior, se prev\u00e9 una evoluci\u00f3n variable, dependiendo de los aportes aguas arriba. Se esperan precipitaciones normales en la cuenca media, lo que podr\u00eda sostener los niveles actuales durante parte del trimestre.<\/p>\n<p>Por otro lado, el fen\u00f3meno El Ni\u00f1o se mantiene en fase neutral, con una probabilidad del 83 por ciento de que esta condici\u00f3n contin\u00fae durante todo el trimestre mayo-junio-julio de 2025 y tambi\u00e9n a lo largo del invierno.<\/p>\n","protected":false},"excerpt":{"rendered":"<p>El Ministerio de Planeamiento, Infraestructura y Servicios, a trav\u00e9s de la Direcci\u00f3n General de Hidr\u00e1ulica y Obras Sanitarias de Entre R\u00edos, dio a conocer la situaci\u00f3n hidrol\u00f3gica de los r\u00edos Paran\u00e1 y Uruguay en la regi\u00f3n &nbsp; &nbsp; El r\u00edo Paran\u00e1 persiste en niveles de aguas bajas, aunque con un leve ascenso de base, producto del aumento en la descarga del r\u00edo Paraguay y el mantenimiento de la erogaci\u00f3n desde la represa de Yacyret\u00e1. A pesar de esta tendencia, las proyecciones para el mes indican que los niveles seguir\u00e1n bajos&#8230;<\/p>\n","protected":false},"author":3,"featured_media":128747,"comment_status":"closed","ping_status":"closed","sticky":false,"template":"","format":"standard","meta":[],"categories":[9],"tags":[],"_links":{"self":[{"href":"https:\/\/www.actualidadadiario.com\/index.php\/wp-json\/wp\/v2\/posts\/128746"}],"collection":[{"href":"https:\/\/www.actualidadadiario.com\/index.php\/wp-json\/wp\/v2\/posts"}],"about":[{"href":"https:\/\/www.actualidadadiario.com\/index.php\/wp-json\/wp\/v2\/types\/post"}],"author":[{"embeddable":true,"href":"https:\/\/www.actualidadadiario.com\/index.php\/wp-json\/wp\/v2\/users\/3"}],"replies":[{"embeddable":true,"href":"https:\/\/www.actualidadadiario.com\/index.php\/wp-json\/wp\/v2\/comments?post=128746"}],"version-history":[{"count":1,"href":"https:\/\/www.actualidadadiario.com\/index.php\/wp-json\/wp\/v2\/posts\/128746\/revisions"}],"predecessor-version":[{"id":128748,"href":"https:\/\/www.actualidadadiario.com\/index.php\/wp-json\/wp\/v2\/posts\/128746\/revisions\/128748"}],"wp:featuredmedia":[{"embeddable":true,"href":"https:\/\/www.actualidadadiario.com\/index.php\/wp-json\/wp\/v2\/media\/128747"}],"wp:attachment":[{"href":"https:\/\/www.actualidadadiario.com\/index.php\/wp-json\/wp\/v2\/media?parent=128746"}],"wp:term":[{"taxonomy":"category","embeddable":true,"href":"https:\/\/www.actualidadadiario.com\/index.php\/wp-json\/wp\/v2\/categories?post=128746"},{"taxonomy":"post_tag","embeddable":true,"href":"https:\/\/www.actualidadadiario.com\/index.php\/wp-json\/wp\/v2\/tags?post=128746"}],"curies":[{"name":"wp","href":"https:\/\/api.w.org\/{rel}","templated":true}]}}