{"id":128033,"date":"2025-05-02T14:57:23","date_gmt":"2025-05-02T17:57:23","guid":{"rendered":"https:\/\/www.actualidadadiario.com\/?p=128033"},"modified":"2025-05-02T14:57:23","modified_gmt":"2025-05-02T17:57:23","slug":"alerta-de-tsunami-en-chile-tras-un-fuerte-sismo-de-75-piden-evacuar-ciudades-costeras","status":"publish","type":"post","link":"https:\/\/www.actualidadadiario.com\/index.php\/2025\/05\/02\/alerta-de-tsunami-en-chile-tras-un-fuerte-sismo-de-75-piden-evacuar-ciudades-costeras\/","title":{"rendered":"Alerta de tsunami en Chile: tras un fuerte sismo de 7,5, piden evacuar ciudades costeras"},"content":{"rendered":"<p style=\"text-align: center;\"><em><strong>El Presidente Gabriel Boric, oriundo de la zona de zona de Magallanes llam\u00f3 a evacuar el lugar<\/strong><\/em><\/p>\n<p>&nbsp;<\/p>\n<p>&nbsp;<\/p>\n<p>Las autoridades de Chile emitieron el viernes un alerta de evacuaci\u00f3n para toda la parte costera del Estrecho de Magallanes, en el extremo sur del pa\u00eds, despu\u00e9s de que un fuerte terremoto de magnitud 7,5 sacudiera las aguas entre Chile y Argentina.<\/p>\n<p>\u201cPor amenaza de tsunami, solicita evacuar zona de playa del Territorio Ant\u00e1rtico, Regi\u00f3n de Magallanes\u201d, dijo en un mensaje enviado a la ciudadan\u00eda el Servicio Nacional de Prevenci\u00f3n y Respuesta ante Desastres (Senapred).<\/p>\n<p>De acuerdo con el Servicio Geol\u00f3gico de Estados Unidos (USGS), que registra la actividad s\u00edsmica en todo el mundo, un temblor de magnitud de 7,5 sacudi\u00f3 las aguas entre el sur de Chile y Argentina, con una profundidad de 10 kil\u00f3metros.<\/p>\n<p>&nbsp;<\/p>\n<p><strong>El mensaje del Presidente Boric sobre el alerta de tsunami en Chile<\/strong><\/p>\n<p>El Presidente Gabriel Boric, oriundo de la zona, escribi\u00f3 v\u00eda su cuenta de X que : &#8220;Llamamos a evacuar borde costero en toda Regi\u00f3n de Magallanes&#8221;. &#8220;En estos momentos nuestro deber es prevenir y hacer caso a autoridades. COGRID regional y nacional est\u00e1n comenzando. Todos los recursos del Estado est\u00e1n a disposici\u00f3n&#8221;, a\u00f1adi\u00f3.<\/p>\n<p>Desde el Ministerio de Interior del pa\u00eds vecino informaron que tanto el ministro de la cartera, \u00c1lvaro Elizalde, como el subsecretario, V\u00edctor Ramos, se dirigen a dependencias de Senapred.<\/p>\n","protected":false},"excerpt":{"rendered":"<p>El Presidente Gabriel Boric, oriundo de la zona de zona de Magallanes llam\u00f3 a evacuar el lugar &nbsp; &nbsp; Las autoridades de Chile emitieron el viernes un alerta de evacuaci\u00f3n para toda la parte costera del Estrecho de Magallanes, en el extremo sur del pa\u00eds, despu\u00e9s de que un fuerte terremoto de magnitud 7,5 sacudiera las aguas entre Chile y Argentina. \u201cPor amenaza de tsunami, solicita evacuar zona de playa del Territorio Ant\u00e1rtico, Regi\u00f3n de Magallanes\u201d, dijo en un mensaje enviado a la ciudadan\u00eda el Servicio Nacional de Prevenci\u00f3n y&#8230;<\/p>\n","protected":false},"author":3,"featured_media":128034,"comment_status":"closed","ping_status":"closed","sticky":false,"template":"","format":"standard","meta":[],"categories":[4],"tags":[],"_links":{"self":[{"href":"https:\/\/www.actualidadadiario.com\/index.php\/wp-json\/wp\/v2\/posts\/128033"}],"collection":[{"href":"https:\/\/www.actualidadadiario.com\/index.php\/wp-json\/wp\/v2\/posts"}],"about":[{"href":"https:\/\/www.actualidadadiario.com\/index.php\/wp-json\/wp\/v2\/types\/post"}],"author":[{"embeddable":true,"href":"https:\/\/www.actualidadadiario.com\/index.php\/wp-json\/wp\/v2\/users\/3"}],"replies":[{"embeddable":true,"href":"https:\/\/www.actualidadadiario.com\/index.php\/wp-json\/wp\/v2\/comments?post=128033"}],"version-history":[{"count":1,"href":"https:\/\/www.actualidadadiario.com\/index.php\/wp-json\/wp\/v2\/posts\/128033\/revisions"}],"predecessor-version":[{"id":128035,"href":"https:\/\/www.actualidadadiario.com\/index.php\/wp-json\/wp\/v2\/posts\/128033\/revisions\/128035"}],"wp:featuredmedia":[{"embeddable":true,"href":"https:\/\/www.actualidadadiario.com\/index.php\/wp-json\/wp\/v2\/media\/128034"}],"wp:attachment":[{"href":"https:\/\/www.actualidadadiario.com\/index.php\/wp-json\/wp\/v2\/media?parent=128033"}],"wp:term":[{"taxonomy":"category","embeddable":true,"href":"https:\/\/www.actualidadadiario.com\/index.php\/wp-json\/wp\/v2\/categories?post=128033"},{"taxonomy":"post_tag","embeddable":true,"href":"https:\/\/www.actualidadadiario.com\/index.php\/wp-json\/wp\/v2\/tags?post=128033"}],"curies":[{"name":"wp","href":"https:\/\/api.w.org\/{rel}","templated":true}]}}