{"id":128028,"date":"2025-05-02T14:54:07","date_gmt":"2025-05-02T17:54:07","guid":{"rendered":"https:\/\/www.actualidadadiario.com\/?p=128028"},"modified":"2025-05-02T14:54:07","modified_gmt":"2025-05-02T17:54:07","slug":"conclave-el-vaticano-ya-instalo-la-chimenea-para-el-humo-negro-y-blanco","status":"publish","type":"post","link":"https:\/\/www.actualidadadiario.com\/index.php\/2025\/05\/02\/conclave-el-vaticano-ya-instalo-la-chimenea-para-el-humo-negro-y-blanco\/","title":{"rendered":"C\u00f3nclave: el Vaticano ya instal\u00f3 la chimenea para el humo negro y blanco"},"content":{"rendered":"<p style=\"text-align: center;\"><em><strong>Los bomberos de la Ciudad del Vaticano instalaron la chimenea en el techo de la Capilla Sixtina de la cual, a partir del 7 de mayo, saldr\u00e1 el humo que anoticiar\u00e1 sobre los resultados de las votaciones de cardenales para la elecci\u00f3n de un nuevo Papa<\/strong><\/em><\/p>\n<p>&nbsp;<\/p>\n<p>&nbsp;<\/p>\n<p>Seg\u00fan la informaci\u00f3n difundida por la Santa Sede, es probable que este mismo viernes se realicen algunas pruebas para comprobar que la chimenea funciona.<\/p>\n<p>Pero los instantes en que la atenci\u00f3n mundial se centrar\u00e1 en ese lugar comenzar\u00e1n a correr el pr\u00f3ximo mi\u00e9rcoles, cuando comience el c\u00f3nclave en esa hist\u00f3rica capilla del Vaticano que cerr\u00f3 al p\u00fablico el lunes para los preparativos.<\/p>\n<p>All\u00ed, los 133 cardenales con menos de 80 a\u00f1os votar\u00e1n a sus candidatos para suceder al papa Francisco. Tal como reza la tradici\u00f3n, el humo negro indicar\u00e1 al exterior que no hubo acuerdo mientras que la fumata blanca, que se consigue a\u00f1adiendo una sustancia qu\u00edmica, anunciar\u00e1 que se eligi\u00f3 a un nuevo papa con dos tercios de los consensos, que en esta ocasi\u00f3n ser\u00e1n 89 votos.<\/p>\n<p>&nbsp;<\/p>\n<p><strong>Los preparativos para el c\u00f3nclave<\/strong><\/p>\n<p>En tanto, la Capilla Sixtina est\u00e1 siendo preparada. En los \u00faltimos d\u00edas se elev\u00f3 el piso con una estructura provisoria \u2013seg\u00fan se dijo- para que los purpurados que tienen problemas para movilizarse no sufran accidentes.<\/p>\n<p>Una vez terminado ello, se instalar\u00e1n las mesas y los bancos para los debates que tendr\u00e1n dos votaciones diarias, una por la ma\u00f1ana y otra por la tarde. El \u00fanico d\u00eda en que habr\u00e1 una sola votaci\u00f3n ser\u00e1 el mi\u00e9rcoles 7 de mayo, luego de la misa &#8220;Pro eligiendo pont\u00edfice\u201d, seg\u00fan confirm\u00f3 el portavoz vaticano, Matteo Bruni.<\/p>\n<p>En esa celebraci\u00f3n eucar\u00edstica, el decano invitar\u00e1 a sus hermanos a dirigirse por la tarde a la Capilla Sixtina con estas palabras: \u201cToda la Iglesia, unida a nosotros en la oraci\u00f3n, invoca constantemente la gracia del Esp\u00edritu Santo, para que sea elegido por nosotros un digno Pastor de todo el reba\u00f1o de Cristo\u201d.<\/p>\n<p>Desde all\u00ed, la procesi\u00f3n hacia la Sixtina, en cuyo interior los cardenales cantar\u00e1n el himno Veni, Creator Spiritus y prestar\u00e1n juramento y despu\u00e9s empezar\u00e1 la votaci\u00f3n. Luego de alguna de ellas, el franc\u00e9s Dominique Mamberti, Prefecto del Supremo Tribunal de la Signatura Apost\u00f3lica y protodi\u00e1cono, se encargar\u00e1 del anuncio de \u201cHabemus papam\u201d, en la plaza de San Pedro.<\/p>\n<p>Por ahora en las congregaciones generales se presentaron m\u00e1s de 180 cardenales, de los que m\u00e1s de un centenar son electores. Bruni no quiso confirmar a\u00fan si entrar\u00e1n en la Sixtina los 134 cardenales menores de 80 a\u00f1os previstos, ya que algunos llegar\u00e1n en el \u00faltimo momento por motivos de salud.<\/p>\n","protected":false},"excerpt":{"rendered":"<p>Los bomberos de la Ciudad del Vaticano instalaron la chimenea en el techo de la Capilla Sixtina de la cual, a partir del 7 de mayo, saldr\u00e1 el humo que anoticiar\u00e1 sobre los resultados de las votaciones de cardenales para la elecci\u00f3n de un nuevo Papa &nbsp; &nbsp; Seg\u00fan la informaci\u00f3n difundida por la Santa Sede, es probable que este mismo viernes se realicen algunas pruebas para comprobar que la chimenea funciona. Pero los instantes en que la atenci\u00f3n mundial se centrar\u00e1 en ese lugar comenzar\u00e1n a correr el pr\u00f3ximo&#8230;<\/p>\n","protected":false},"author":3,"featured_media":128029,"comment_status":"closed","ping_status":"closed","sticky":false,"template":"","format":"standard","meta":[],"categories":[4],"tags":[],"_links":{"self":[{"href":"https:\/\/www.actualidadadiario.com\/index.php\/wp-json\/wp\/v2\/posts\/128028"}],"collection":[{"href":"https:\/\/www.actualidadadiario.com\/index.php\/wp-json\/wp\/v2\/posts"}],"about":[{"href":"https:\/\/www.actualidadadiario.com\/index.php\/wp-json\/wp\/v2\/types\/post"}],"author":[{"embeddable":true,"href":"https:\/\/www.actualidadadiario.com\/index.php\/wp-json\/wp\/v2\/users\/3"}],"replies":[{"embeddable":true,"href":"https:\/\/www.actualidadadiario.com\/index.php\/wp-json\/wp\/v2\/comments?post=128028"}],"version-history":[{"count":1,"href":"https:\/\/www.actualidadadiario.com\/index.php\/wp-json\/wp\/v2\/posts\/128028\/revisions"}],"predecessor-version":[{"id":128030,"href":"https:\/\/www.actualidadadiario.com\/index.php\/wp-json\/wp\/v2\/posts\/128028\/revisions\/128030"}],"wp:featuredmedia":[{"embeddable":true,"href":"https:\/\/www.actualidadadiario.com\/index.php\/wp-json\/wp\/v2\/media\/128029"}],"wp:attachment":[{"href":"https:\/\/www.actualidadadiario.com\/index.php\/wp-json\/wp\/v2\/media?parent=128028"}],"wp:term":[{"taxonomy":"category","embeddable":true,"href":"https:\/\/www.actualidadadiario.com\/index.php\/wp-json\/wp\/v2\/categories?post=128028"},{"taxonomy":"post_tag","embeddable":true,"href":"https:\/\/www.actualidadadiario.com\/index.php\/wp-json\/wp\/v2\/tags?post=128028"}],"curies":[{"name":"wp","href":"https:\/\/api.w.org\/{rel}","templated":true}]}}