{"id":128026,"date":"2025-05-02T14:52:47","date_gmt":"2025-05-02T17:52:47","guid":{"rendered":"https:\/\/www.actualidadadiario.com\/?p=128026"},"modified":"2025-05-02T14:52:47","modified_gmt":"2025-05-02T17:52:47","slug":"un-lider-pandillero-denuncio-antiguos-acuerdos-de-bukele-con-las-maras","status":"publish","type":"post","link":"https:\/\/www.actualidadadiario.com\/index.php\/2025\/05\/02\/un-lider-pandillero-denuncio-antiguos-acuerdos-de-bukele-con-las-maras\/","title":{"rendered":"Un l\u00edder pandillero denunci\u00f3 antiguos acuerdos de Bukele con las maras"},"content":{"rendered":"<p style=\"text-align: center;\"><em><strong>De las revelaciones de &#8220;Charly de la IVU&#8221; surge que el actual presidente de El Salvador alcanz\u00f3 el poder merced a esa clase de alianzas<\/strong><\/em><\/p>\n<p>&nbsp;<\/p>\n<p>&nbsp;<\/p>\n<p>El l\u00edder pandillero Carlos Cartagena, alias &#8220;Charly de la IVU&#8221;, de la mara Barrio 18 Revolucionarios, revel\u00f3 pactos de las maras con personas cercanas al presidente de El Salvador, Nayib Bukele.<\/p>\n<p>En declaraciones al medio El Faro, Cartagena coment\u00f3 que los acuerdos pandilleros con el entorno del actual presidente de El Salvador se iniciaron en 2014, cuando Bukele se presentaba como candidato a la alcald\u00eda de la capital, San Salvador.<\/p>\n<p>Los contactos tuvieron lugar durante a\u00f1os y, seg\u00fan Cartagena, algunos de los l\u00edderes pandilleros llegaron incluso a escapar del pa\u00eds con la complicidad de las altas esferas.<\/p>\n<p>Pero todo cambi\u00f3 en 2022, cuando una masacre de las maras provoc\u00f3 la ruptura de la relaci\u00f3n, contin\u00faa la historia, rescatada por el sitio dw.<\/p>\n<p>A partir de aquel momento, Bukele, ya presidente de El Salvador, declar\u00f3 el estado de excepci\u00f3n en el pa\u00eds y dio inicio a la pol\u00edtica de mano dura contra los pandilleros.<\/p>\n<p>Adem\u00e1s de la entrevista a Cartagena a cara descubierta, El Faro ofrece las declaraciones de otro pandillero del Barrio 18 que mantiene el anonimato pero ambos coinciden en la manera que las maras contribuyeron al ascenso de Bukele al poder y los detalles de sus acuerdos.<\/p>\n<p>&#8220;Hubo un acuerdo monetario&#8221;, evoc\u00f3 Cartagena, aludiendo al respaldo de las pandillas al la candidatura de Bukele a la alcald\u00eda de San Salvador.<\/p>\n<p>Seg\u00fan sus palabras, su misi\u00f3n consist\u00eda en &#8220;influir&#8221; en familias, amigos, vecinos&#8230;: &#8220;Hay que votar por ya saben\u2026(Ten\u00edamos que) dar una directriz concreta&#8221;, confes\u00f3 Cartagena.<\/p>\n","protected":false},"excerpt":{"rendered":"<p>De las revelaciones de &#8220;Charly de la IVU&#8221; surge que el actual presidente de El Salvador alcanz\u00f3 el poder merced a esa clase de alianzas &nbsp; &nbsp; El l\u00edder pandillero Carlos Cartagena, alias &#8220;Charly de la IVU&#8221;, de la mara Barrio 18 Revolucionarios, revel\u00f3 pactos de las maras con personas cercanas al presidente de El Salvador, Nayib Bukele. En declaraciones al medio El Faro, Cartagena coment\u00f3 que los acuerdos pandilleros con el entorno del actual presidente de El Salvador se iniciaron en 2014, cuando Bukele se presentaba como candidato a&#8230;<\/p>\n","protected":false},"author":3,"featured_media":102757,"comment_status":"closed","ping_status":"closed","sticky":false,"template":"","format":"standard","meta":[],"categories":[4],"tags":[],"_links":{"self":[{"href":"https:\/\/www.actualidadadiario.com\/index.php\/wp-json\/wp\/v2\/posts\/128026"}],"collection":[{"href":"https:\/\/www.actualidadadiario.com\/index.php\/wp-json\/wp\/v2\/posts"}],"about":[{"href":"https:\/\/www.actualidadadiario.com\/index.php\/wp-json\/wp\/v2\/types\/post"}],"author":[{"embeddable":true,"href":"https:\/\/www.actualidadadiario.com\/index.php\/wp-json\/wp\/v2\/users\/3"}],"replies":[{"embeddable":true,"href":"https:\/\/www.actualidadadiario.com\/index.php\/wp-json\/wp\/v2\/comments?post=128026"}],"version-history":[{"count":1,"href":"https:\/\/www.actualidadadiario.com\/index.php\/wp-json\/wp\/v2\/posts\/128026\/revisions"}],"predecessor-version":[{"id":128027,"href":"https:\/\/www.actualidadadiario.com\/index.php\/wp-json\/wp\/v2\/posts\/128026\/revisions\/128027"}],"wp:featuredmedia":[{"embeddable":true,"href":"https:\/\/www.actualidadadiario.com\/index.php\/wp-json\/wp\/v2\/media\/102757"}],"wp:attachment":[{"href":"https:\/\/www.actualidadadiario.com\/index.php\/wp-json\/wp\/v2\/media?parent=128026"}],"wp:term":[{"taxonomy":"category","embeddable":true,"href":"https:\/\/www.actualidadadiario.com\/index.php\/wp-json\/wp\/v2\/categories?post=128026"},{"taxonomy":"post_tag","embeddable":true,"href":"https:\/\/www.actualidadadiario.com\/index.php\/wp-json\/wp\/v2\/tags?post=128026"}],"curies":[{"name":"wp","href":"https:\/\/api.w.org\/{rel}","templated":true}]}}