{"id":127750,"date":"2025-04-25T15:23:46","date_gmt":"2025-04-25T18:23:46","guid":{"rendered":"https:\/\/www.actualidadadiario.com\/?p=127750"},"modified":"2025-04-25T15:27:26","modified_gmt":"2025-04-25T18:27:26","slug":"la-basilica-de-san-pedro-estara-abierta-hasta-las-19-y-luego-se-cerrara-el-feretro-del-papa","status":"publish","type":"post","link":"https:\/\/www.actualidadadiario.com\/index.php\/2025\/04\/25\/la-basilica-de-san-pedro-estara-abierta-hasta-las-19-y-luego-se-cerrara-el-feretro-del-papa\/","title":{"rendered":"La Bas\u00edlica de San Pedro estar\u00e1 abierta hasta las 19 y luego se cerrar\u00e1 el f\u00e9retro del Papa"},"content":{"rendered":"<p style=\"text-align: center;\"><em><strong>Se espera que a las 18 el acceso a la fila finalice, para mantener la hora de cierre y permitir que los que est\u00e1n en la cola puedan acceder a la Bas\u00edlica. El f\u00e9retro del papa Francisco se cerrar\u00e1 este viernes. El rito ser\u00e1 presidido por el cardenal Kevin Joseph Farrell, Camarlengo de la Santa Romana Iglesia<\/strong><\/em><\/p>\n<p>&nbsp;<\/p>\n<p>&nbsp;<\/p>\n<p>La Bas\u00edlica de San Pedro, donde los fieles le dan el \u00faltimo adi\u00f3s al Papa Francisco, qui\u00e9n falleci\u00f3 este lunes a sus 88 a\u00f1os, cerrar\u00e1 sus puertas este viernes y el s\u00e1bado comenzar\u00e1 el funeral. La Oficina de Prensa de la Santa Sede precis\u00f3 que la Bas\u00edlica \u201cpermanecer\u00e1 abierta hasta las 19:00\u201d.<\/p>\n<p>En torno a las 18 de este viernes, \u201cel acceso a la fila finalizar\u00e1, con el fin de mantener la hora de cierre y permitir que los que est\u00e1n en la cola puedan acceder a la Bas\u00edlica\u201d, aclararon.<\/p>\n<p>El anuncio de la Santa Sede se enmarca en la informaci\u00f3n oficial de da cuenta de que desde el mi\u00e9rcoles por la ma\u00f1ana casi 130 mil personas lograron despedirse del Sumo Pont\u00edfice.<\/p>\n<p>Destacaron que, para dar respuesta a la multitud, la Bas\u00edlica estuvo abierta hasta las 2:30 de la madrugada y reabri\u00f3 en la ma\u00f1ana de este viernes a las 5:40.<\/p>\n<p>&nbsp;<\/p>\n<p><strong>El f\u00e9retro de Francisco se cerrar\u00e1 este viernes<\/strong><\/p>\n<p>Con la finalizaci\u00f3n de la visita de fieles, el cardenal Kevin Joseph Farrell, Camarlengo de la Santa Romana Iglesia, presidir\u00e1 el rito del cierre del f\u00e9retro del papa Francisco en la Bas\u00edlica de San Pedro, seg\u00fan lo previsto en el Ordo Exsequiarum Romani Pontificis (nn. 66-81)\u201d.<\/p>\n<p>La Oficina de las Celebraciones Lit\u00fargicas del Sumo Pont\u00edfice se\u00f1al\u00f3 que en esta celebraci\u00f3n participar\u00e1n el cardenal Farrell; el cardenal Giovanni Battista Re, Decano del Colegio Cardenalicio; el cardenal Roger Michael Mahony, Cardenal Presb\u00edtero; el cardenal Dominique Mamberti, Cardenal Protodi\u00e1cono; el cardenal Mauro Gambetti, Arcipreste de la Bas\u00edlica Papal de San Pedro en el Vaticano.<\/p>\n<p>Adem\u00e1s, estar\u00e1n presentes el cardenal Pietro Parolin, ex secretario de Estado; el cardenal Baldassare Reina, Vicario General de Su Santidad para la Di\u00f3cesis de Roma; el cardenal Konrad Krajewski, Limosnero de Su Santidad; monse\u00f1or Edgar Pe\u00f1a Parra, Sustituto de la Secretar\u00eda de Estado; monse\u00f1or Ilson de Jesus Montanari, Vice Camarlengo de la Santa Iglesia Romana; monse\u00f1or Leonardo Sapienza, Regente de la Casa Pontificia; los Can\u00f3nigos del Cap\u00edtulo Vaticano, los Penitenciarios Menores Vaticanos Ordinarios; los secretarios del Santo Padre y otras personas admitidas por el Maestro de las Celebraciones Lit\u00fargicas Pontificias, monse\u00f1or Diego Ravelli.<\/p>\n","protected":false},"excerpt":{"rendered":"<p>Se espera que a las 18 el acceso a la fila finalice, para mantener la hora de cierre y permitir que los que est\u00e1n en la cola puedan acceder a la Bas\u00edlica. El f\u00e9retro del papa Francisco se cerrar\u00e1 este viernes. El rito ser\u00e1 presidido por el cardenal Kevin Joseph Farrell, Camarlengo de la Santa Romana Iglesia &nbsp; &nbsp; La Bas\u00edlica de San Pedro, donde los fieles le dan el \u00faltimo adi\u00f3s al Papa Francisco, qui\u00e9n falleci\u00f3 este lunes a sus 88 a\u00f1os, cerrar\u00e1 sus puertas este viernes y el&#8230;<\/p>\n","protected":false},"author":3,"featured_media":127759,"comment_status":"closed","ping_status":"closed","sticky":false,"template":"","format":"standard","meta":[],"categories":[4],"tags":[],"_links":{"self":[{"href":"https:\/\/www.actualidadadiario.com\/index.php\/wp-json\/wp\/v2\/posts\/127750"}],"collection":[{"href":"https:\/\/www.actualidadadiario.com\/index.php\/wp-json\/wp\/v2\/posts"}],"about":[{"href":"https:\/\/www.actualidadadiario.com\/index.php\/wp-json\/wp\/v2\/types\/post"}],"author":[{"embeddable":true,"href":"https:\/\/www.actualidadadiario.com\/index.php\/wp-json\/wp\/v2\/users\/3"}],"replies":[{"embeddable":true,"href":"https:\/\/www.actualidadadiario.com\/index.php\/wp-json\/wp\/v2\/comments?post=127750"}],"version-history":[{"count":1,"href":"https:\/\/www.actualidadadiario.com\/index.php\/wp-json\/wp\/v2\/posts\/127750\/revisions"}],"predecessor-version":[{"id":127752,"href":"https:\/\/www.actualidadadiario.com\/index.php\/wp-json\/wp\/v2\/posts\/127750\/revisions\/127752"}],"wp:featuredmedia":[{"embeddable":true,"href":"https:\/\/www.actualidadadiario.com\/index.php\/wp-json\/wp\/v2\/media\/127759"}],"wp:attachment":[{"href":"https:\/\/www.actualidadadiario.com\/index.php\/wp-json\/wp\/v2\/media?parent=127750"}],"wp:term":[{"taxonomy":"category","embeddable":true,"href":"https:\/\/www.actualidadadiario.com\/index.php\/wp-json\/wp\/v2\/categories?post=127750"},{"taxonomy":"post_tag","embeddable":true,"href":"https:\/\/www.actualidadadiario.com\/index.php\/wp-json\/wp\/v2\/tags?post=127750"}],"curies":[{"name":"wp","href":"https:\/\/api.w.org\/{rel}","templated":true}]}}