{"id":127748,"date":"2025-04-25T15:22:27","date_gmt":"2025-04-25T18:22:27","guid":{"rendered":"https:\/\/www.actualidadadiario.com\/?p=127748"},"modified":"2025-04-25T15:22:27","modified_gmt":"2025-04-25T18:22:27","slug":"funeral-del-papa-francisco-los-cinco-objetos-con-los-que-sera-enterrado","status":"publish","type":"post","link":"https:\/\/www.actualidadadiario.com\/index.php\/2025\/04\/25\/funeral-del-papa-francisco-los-cinco-objetos-con-los-que-sera-enterrado\/","title":{"rendered":"Funeral del papa Francisco: los cinco objetos con los que ser\u00e1 enterrado"},"content":{"rendered":"<p style=\"text-align: center;\"><em><strong>El papa Francisco ser\u00e1 despedido este viernes cuando se cierre su f\u00e9retro. En \u00e9l, lo acompa\u00f1ar\u00e1n elementos referidos a su mandato. Conoc\u00e9 de qu\u00e9 se trata<\/strong><\/em><\/p>\n<p>&nbsp;<\/p>\n<p>&nbsp;<\/p>\n<p>El ata\u00fad del papa Francisco ser\u00e1 cerrado este viernes a las 20 -horario de Roma- y antes de terminarse el rito, se considerar\u00e1n una serie de elementos a incluir en el caj\u00f3n junto a \u00e9l. La ceremonia ser\u00e1 encarada por el cardenal Kevin Farrell, actual Camarlengo de la Iglesia cat\u00f3lica.<\/p>\n<p>&nbsp;<\/p>\n<p><strong>Qu\u00e9 elementos acompa\u00f1ar\u00e1n al papa Francisco en su entierro<\/strong><\/p>\n<p>En su descanso final, el argentino lleva puesto dos elementos distintivos: el anillo de plata que siempre us\u00f3, desde la \u00e9poca en que estaba en Buenos Aires, y un rosario de cuentas negras. En el caj\u00f3n de Francisco se colocar\u00e1 una &#8220;bolsa de monedas&#8221; acu\u00f1adas durante el pontificado. A su vez, tambi\u00e9n contar\u00e1 con medallas de plata y bronce que simbolizan los a\u00f1os de servicio.<\/p>\n<p>El f\u00e9retro contar\u00e1, en paralelo, con un tubo met\u00e1lico con el acta que narra la vida del Papa. El rito del cierre del f\u00e9retro se realizar\u00eda de acuerdo al Ordo Exsequiarum Romani Pontificis. En tanto, la Oficina de las Celebraciones Lit\u00fargicas del Sumo Pont\u00edfice se\u00f1al\u00f3 que junto a Farrell participar\u00e1n los siguientes cardenales:<\/p>\n<ul>\n<li>Giovanni Battista Re, Decano del Colegio Cardenalicio<\/li>\n<li>Roger Michael Mahony, Cardenal Presb\u00edtero<\/li>\n<li>Dominique Mamberti, Cardenal Protodi\u00e1cono<\/li>\n<li>Mauro Gambetti, Arcipreste de la bas\u00edlica Papal de San Pedro en el Vaticano<\/li>\n<li>Pietro Parolin, exsecretario de Estado<\/li>\n<li>Baldassare Reina, vicario general de la di\u00f3cesis de Roma<\/li>\n<li>Giovanni Monse\u00f1ores Edgar Pe\u00f1a Parra, sustituto de la Secretar\u00eda de Estado<\/li>\n<li>Konrad Krajewski, limosnero de Su Santidad<\/li>\n<li>Ilson de Jesus Montanari, vicecamerlengo de la Santa Iglesia Romana<\/li>\n<li>Leonardo Sapienza, regente de la Casa Pontificia<\/li>\n<\/ul>\n<p>&nbsp;<\/p>\n<p><strong>C\u00f3mo ser\u00e1 la ceremonia del cierre del f\u00e9retro<\/strong><\/p>\n<p>El cierre del ata\u00fad en la bas\u00edlica de San Pedro ser\u00e1 el paso anterior al entierro. Por elecci\u00f3n del propio Jorge Bergoglio, ser\u00e1 un rito m\u00e1s \u00e1gil tras elegir que se cancelara la costumbre de los tres ata\u00fades, afirm\u00f3 el medio italiano Corriere della Sera.<\/p>\n<p>En el caso de los Papas anteriores, el proceso exig\u00eda que uno de los f\u00e9retros, el de madera de cipr\u00e9s, fuera atado con cintas rojas a las que se les imprim\u00eda los sellos de la C\u00e1mara Apost\u00f3lica, de la Prefectura, de las Celebraciones y del Cap\u00edtulo Vaticano.<\/p>\n<p>&nbsp;<\/p>\n<p><strong>El emotivo recuerdo del amigo y compa\u00f1ero de estudios del papa Francisco<\/strong><\/p>\n<p>El cura de la localidad bonaerense de San Miguel Julio Merediz, quien estudi\u00f3 con el papa Francisco, record\u00f3 a su amigo a d\u00edas de su muerte y destac\u00f3 que el sumo pont\u00edfice &#8220;siempre tuvo gestos de amor&#8221;.<\/p>\n<p>El p\u00e1rroco destac\u00f3 el cari\u00f1o que recibi\u00f3 el Papa en todo el mundo y en especial en la Argentina y cont\u00f3 que tras su muerte comparti\u00f3 distintas misas en el conurbano que se realizaron con las iglesias totalmente completas. &#8220;La gente demuestra el cari\u00f1o a una persona que se hizo querer y mostr\u00f3 ese amor&#8221;, expres\u00f3 en di\u00e1logo con C5N.<\/p>\n<p>Luego destac\u00f3 que el gran cambio que realiz\u00f3 Francisco los \u00faltimos siglos de la Iglesia &#8220;es haber cambiado las leyes por el amor&#8221;. &#8220;Atendi\u00f3 enfermos, presos, se fijaba en los pobres, sal\u00eda a buscar a los que lo necesitaban. El amor estaba por encima de todo lo dem\u00e1s&#8221;.<\/p>\n","protected":false},"excerpt":{"rendered":"<p>El papa Francisco ser\u00e1 despedido este viernes cuando se cierre su f\u00e9retro. En \u00e9l, lo acompa\u00f1ar\u00e1n elementos referidos a su mandato. Conoc\u00e9 de qu\u00e9 se trata &nbsp; &nbsp; El ata\u00fad del papa Francisco ser\u00e1 cerrado este viernes a las 20 -horario de Roma- y antes de terminarse el rito, se considerar\u00e1n una serie de elementos a incluir en el caj\u00f3n junto a \u00e9l. La ceremonia ser\u00e1 encarada por el cardenal Kevin Farrell, actual Camarlengo de la Iglesia cat\u00f3lica. &nbsp; Qu\u00e9 elementos acompa\u00f1ar\u00e1n al papa Francisco en su entierro En su&#8230;<\/p>\n","protected":false},"author":3,"featured_media":127523,"comment_status":"closed","ping_status":"closed","sticky":false,"template":"","format":"standard","meta":[],"categories":[4],"tags":[],"_links":{"self":[{"href":"https:\/\/www.actualidadadiario.com\/index.php\/wp-json\/wp\/v2\/posts\/127748"}],"collection":[{"href":"https:\/\/www.actualidadadiario.com\/index.php\/wp-json\/wp\/v2\/posts"}],"about":[{"href":"https:\/\/www.actualidadadiario.com\/index.php\/wp-json\/wp\/v2\/types\/post"}],"author":[{"embeddable":true,"href":"https:\/\/www.actualidadadiario.com\/index.php\/wp-json\/wp\/v2\/users\/3"}],"replies":[{"embeddable":true,"href":"https:\/\/www.actualidadadiario.com\/index.php\/wp-json\/wp\/v2\/comments?post=127748"}],"version-history":[{"count":1,"href":"https:\/\/www.actualidadadiario.com\/index.php\/wp-json\/wp\/v2\/posts\/127748\/revisions"}],"predecessor-version":[{"id":127749,"href":"https:\/\/www.actualidadadiario.com\/index.php\/wp-json\/wp\/v2\/posts\/127748\/revisions\/127749"}],"wp:featuredmedia":[{"embeddable":true,"href":"https:\/\/www.actualidadadiario.com\/index.php\/wp-json\/wp\/v2\/media\/127523"}],"wp:attachment":[{"href":"https:\/\/www.actualidadadiario.com\/index.php\/wp-json\/wp\/v2\/media?parent=127748"}],"wp:term":[{"taxonomy":"category","embeddable":true,"href":"https:\/\/www.actualidadadiario.com\/index.php\/wp-json\/wp\/v2\/categories?post=127748"},{"taxonomy":"post_tag","embeddable":true,"href":"https:\/\/www.actualidadadiario.com\/index.php\/wp-json\/wp\/v2\/tags?post=127748"}],"curies":[{"name":"wp","href":"https:\/\/api.w.org\/{rel}","templated":true}]}}