{"id":127744,"date":"2025-04-25T15:20:47","date_gmt":"2025-04-25T18:20:47","guid":{"rendered":"https:\/\/www.actualidadadiario.com\/?p=127744"},"modified":"2025-04-25T15:21:18","modified_gmt":"2025-04-25T18:21:18","slug":"la-guardia-suiza-quienes-son-los-soldados-que-custodian-al-papa-hace-mas-de-500-anos","status":"publish","type":"post","link":"https:\/\/www.actualidadadiario.com\/index.php\/2025\/04\/25\/la-guardia-suiza-quienes-son-los-soldados-que-custodian-al-papa-hace-mas-de-500-anos\/","title":{"rendered":"La Guardia Suiza: qui\u00e9nes son los soldados que custodian al Papa hace m\u00e1s de 500 a\u00f1os"},"content":{"rendered":"<p style=\"text-align: center;\"><em><strong>La Guardia Suiza es el cuerpo militar m\u00e1s antiguo del mundo y son los encargados de garantizar la seguridad del Papa y del Vaticano. Por qu\u00e9 son suizos<\/strong><\/em><\/p>\n<p>&nbsp;<\/p>\n<p>&nbsp;<\/p>\n<p>El cuerpo de seguridad que rodea al Vaticano y escolta al Papa es muy llamativo. Con trajes medievales y colores vibrantes, la Guardia suiza es el cuerpo militar m\u00e1s antiguo del mundo y tiene como \u00fanica finalidad proteger al l\u00edder de la Iglesia Cat\u00f3lica y a la Santa Sede.<\/p>\n<p>El papa Julio II asumi\u00f3 en el Vaticano en el a\u00f1o 1503, en un momento en el que Italia atravesaba por una gran crisis pol\u00edtica. Por ese entonces, el pa\u00eds estaba dividido en peque\u00f1os Estados y las potencias extranjeras, como Espa\u00f1a, Francia y el hoy inexistente Imperio Romano Germ\u00e1nico, luchaban para avanzar sobre ellas y ganar poder. Durante este per\u00edodo, Julio II recibi\u00f3 amenazas, tanto internas como externas.<\/p>\n<p>La necesidad de protecci\u00f3n era inminente y al Sumo Pont\u00edfice no se le ocurri\u00f3 mejor idea que convocar a una delegaci\u00f3n de Guardias Suizos que le garantizaran la seguridad. Este cuerpo militar era muy reconocido en toda Europa por su hist\u00f3rica neutralidad, lealtad, valent\u00eda y destreza en combate. De hecho, hab\u00edan servido como soldados de \u00e9lite en diversas cortes europeas, por lo que Julio II confiaba plenamente en sus habilidades.<\/p>\n<p>Adem\u00e1s de la protecci\u00f3n personal, el Santo Padre tambi\u00e9n deseaba fortalecer el poder militar del papado y proyectar su autoridad, tanto en Roma como en los territorios que gobernaba. La presencia de una guardia suiza bien entrenada no solo le otorgaba protecci\u00f3n f\u00edsica, sino que tambi\u00e9n influ\u00eda en la creaci\u00f3n de una imagen de poder y estabilidad que continu\u00f3 a lo largo de los siglos. Actualmente, son un s\u00edmbolo visible del poder papal y del v\u00ednculo entre la tradici\u00f3n religiosa y el poder militar.<\/p>\n<p>&nbsp;<\/p>\n<p><strong>Cu\u00e1les son las funciones de la Guardia Suiza en el Vaticano<\/strong><\/p>\n<p>Las principales tareas que debe desarrollar el cuerpo militar en el Vaticano son:<\/p>\n<p><strong>Proteger al Papa<\/strong><\/p>\n<p>La tarea m\u00e1s importante de la Guardia Suiza es ofrecer una protecci\u00f3n personal al Papa de turno, tanto dentro del Vaticano como por fuera. Esto incluye escoltarlo a eventos, misas y ceremonias, as\u00ed como custodiarlo en reuniones privadas o p\u00fablicas. Los guardias deben estar siempre presentes.<\/p>\n<p>&nbsp;<\/p>\n<p><strong>Custodiar el Vaticano<\/strong><\/p>\n<p>Son los responsables de velar por la seguridad de todo el Vaticano y garantizar que no haya ning\u00fan tipo de amenaza o intrusi\u00f3n en todas las instalaciones y dependencias importantes del Estado, tambi\u00e9n de la Plaza San Pedro, las bas\u00edlicas y otros lugares de culto. Lo mismo sucede en eventos importantes, como el C\u00f3nclave que elige a un nuevo Papa.<\/p>\n<p>&nbsp;<\/p>\n<p><strong>Control de acceso<\/strong><\/p>\n<p>As\u00ed como tienen la misi\u00f3n de custodiar las instalaciones, tambi\u00e9n tienen la potestad de inspeccionar a los visitantes y manejar los sistemas de seguridad en las entradas principales, como la puerta de Santa Ana y la puerta del Vaticano.<\/p>\n<p>&nbsp;<\/p>\n<p><strong>Resguardar a los l\u00edderes del Vaticano<\/strong><\/p>\n<p>Adem\u00e1s de garantizar la seguridad del Santo Padre, tambi\u00e9n deben cuidar de todos los l\u00edderes eclesi\u00e1sticos de alto rango que residan o visiten el Vaticano. Esto incluye a cardenales, dignatarios y figuras religiosas.<\/p>\n<p>&nbsp;<\/p>\n<p><strong>Preservar documentos e informaci\u00f3n sensible<\/strong><\/p>\n<p>La Guardia Suiza tambi\u00e9n colabora en la protecci\u00f3n de documentos e informaci\u00f3n sensible relacionados con el proceso de elecci\u00f3n papal o cualquier otra actividad confidencial que se lleve a cabo en el Vaticano.<\/p>\n<p>&nbsp;<\/p>\n<p><strong>Rescate y evacuaci\u00f3n<\/strong><\/p>\n<p>El cuerpo militar est\u00e1 entrenado para llevar a cabo operaciones de rescate y evacuaci\u00f3n en situaciones de emergencia o en caso de amenaza para la vida del Papa o para la seguridad del Estado Vaticano. Esta funci\u00f3n es esencial en caso de incidentes graves como ataques terroristas o desastres naturales.<\/p>\n<p>&nbsp;<\/p>\n<p><strong>Qu\u00e9 representan los colores del uniforme de la Guardia Suiza<\/strong><\/p>\n<p>Originalmente, los uniformes de la Guardia Suiza eran mucho m\u00e1s simples y funcionales que los actuales. Al llegar a Roma en 1506, los primeros guardias vest\u00edan ropa militar t\u00edpica de los mercenarios suizos de la \u00e9poca, y estaban pensados m\u00e1s para el combate que para la ceremonia: ten\u00edan colores sobrios y eran m\u00e1s \u00fatiles, lo que garantizaba la libertad de movimiento.<\/p>\n<p>El dise\u00f1o cambi\u00f3 en 1914, cuando el oficial del ej\u00e9rcito y comandante de la Guardia Suiza Jules Repond decidi\u00f3 hacer una reforma est\u00e9tica y simb\u00f3lica de los trajes, para rendirle homenaje al arte del Renacimiento, especialmente en los frescos de Rafael en las Estancias Vaticanas. Busc\u00f3 recuperar el esplendor visual del siglo XVI y reafirmar la identidad hist\u00f3rica del cuerpo.<\/p>\n<p>El uniforme redise\u00f1ado es el mismo que el que se usa actualmente, conformado por tres colores:<\/p>\n<ul>\n<li><strong>Azul y amarillo oro:<\/strong> son los colores de la familia Della Rovere, a la que pertenec\u00eda el Papa Julio II, fundador de la Guardia Suiza en 1506. Estos colores reflejan su linaje y su influencia pol\u00edtica en el Vaticano.<\/li>\n<li><strong>Rojo:<\/strong> representa a la familia M\u00e9dici, una de las casas m\u00e1s poderosas del Renacimiento italiano, a la que pertenec\u00eda el Papa Le\u00f3n X, sucesor de Julio II. La inclusi\u00f3n del rojo fue una manera de honrar a ambos pont\u00edfices, los dos claves en el desarrollo de la Guardia Suiza.<\/li>\n<\/ul>\n<p>&nbsp;<\/p>\n<p><strong>Cu\u00e1les son los requisitos para ingresar a la Guardia Suiza<\/strong><\/p>\n<ul>\n<li>Varones suizos, solteros entre 19 y 30 a\u00f1os<\/li>\n<li>Cat\u00f3licos practicantes.<\/li>\n<li>Deben contar con el servicio militar completo o con estudios secundarios.<\/li>\n<li>Los guardias pueden casarse, siempre y cuando tengan menos de 25 a\u00f1os y con cinco a\u00f1os de servicio, con la promesa de cumplir al menos tres a\u00f1os m\u00e1s.<\/li>\n<\/ul>\n","protected":false},"excerpt":{"rendered":"<p>La Guardia Suiza es el cuerpo militar m\u00e1s antiguo del mundo y son los encargados de garantizar la seguridad del Papa y del Vaticano. Por qu\u00e9 son suizos &nbsp; &nbsp; El cuerpo de seguridad que rodea al Vaticano y escolta al Papa es muy llamativo. Con trajes medievales y colores vibrantes, la Guardia suiza es el cuerpo militar m\u00e1s antiguo del mundo y tiene como \u00fanica finalidad proteger al l\u00edder de la Iglesia Cat\u00f3lica y a la Santa Sede. El papa Julio II asumi\u00f3 en el Vaticano en el a\u00f1o&#8230;<\/p>\n","protected":false},"author":3,"featured_media":127745,"comment_status":"closed","ping_status":"closed","sticky":false,"template":"","format":"standard","meta":[],"categories":[4],"tags":[],"_links":{"self":[{"href":"https:\/\/www.actualidadadiario.com\/index.php\/wp-json\/wp\/v2\/posts\/127744"}],"collection":[{"href":"https:\/\/www.actualidadadiario.com\/index.php\/wp-json\/wp\/v2\/posts"}],"about":[{"href":"https:\/\/www.actualidadadiario.com\/index.php\/wp-json\/wp\/v2\/types\/post"}],"author":[{"embeddable":true,"href":"https:\/\/www.actualidadadiario.com\/index.php\/wp-json\/wp\/v2\/users\/3"}],"replies":[{"embeddable":true,"href":"https:\/\/www.actualidadadiario.com\/index.php\/wp-json\/wp\/v2\/comments?post=127744"}],"version-history":[{"count":2,"href":"https:\/\/www.actualidadadiario.com\/index.php\/wp-json\/wp\/v2\/posts\/127744\/revisions"}],"predecessor-version":[{"id":127747,"href":"https:\/\/www.actualidadadiario.com\/index.php\/wp-json\/wp\/v2\/posts\/127744\/revisions\/127747"}],"wp:featuredmedia":[{"embeddable":true,"href":"https:\/\/www.actualidadadiario.com\/index.php\/wp-json\/wp\/v2\/media\/127745"}],"wp:attachment":[{"href":"https:\/\/www.actualidadadiario.com\/index.php\/wp-json\/wp\/v2\/media?parent=127744"}],"wp:term":[{"taxonomy":"category","embeddable":true,"href":"https:\/\/www.actualidadadiario.com\/index.php\/wp-json\/wp\/v2\/categories?post=127744"},{"taxonomy":"post_tag","embeddable":true,"href":"https:\/\/www.actualidadadiario.com\/index.php\/wp-json\/wp\/v2\/tags?post=127744"}],"curies":[{"name":"wp","href":"https:\/\/api.w.org\/{rel}","templated":true}]}}