{"id":127739,"date":"2025-04-25T15:13:19","date_gmt":"2025-04-25T18:13:19","guid":{"rendered":"https:\/\/www.actualidadadiario.com\/?p=127739"},"modified":"2025-04-25T15:13:19","modified_gmt":"2025-04-25T18:13:19","slug":"el-ultimo-regalo-del-papa-francisco-su-vinculo-con-la-argentina-y-la-tradicion-religiosa","status":"publish","type":"post","link":"https:\/\/www.actualidadadiario.com\/index.php\/2025\/04\/25\/el-ultimo-regalo-del-papa-francisco-su-vinculo-con-la-argentina-y-la-tradicion-religiosa\/","title":{"rendered":"El \u00faltimo regalo del papa Francisco: su v\u00ednculo con la Argentina y la tradici\u00f3n religiosa"},"content":{"rendered":"<p style=\"text-align: center;\"><em><strong>El Pont\u00edfice realiz\u00f3 un presente a su pa\u00eds natal antes de morir. El motivo fue un agradecimiento luego de su hospitalizaci\u00f3n<\/strong><\/em><\/p>\n<p>&nbsp;<\/p>\n<p>&nbsp;<\/p>\n<p>Una imagen de Nuestra Se\u00f1ora de Luj\u00e1n, con su tradicional manto blanco y celeste, fue el presente que recibi\u00f3 Elena Beccalli, rectora de la Universidad Cat\u00f3lica del Sagrado Coraz\u00f3n, durante su visita a la Casa Santa Marta. All\u00ed tambi\u00e9n se acerc\u00f3 para despedir los restos del papa Francisco, fallecido el pasado lunes a sus 88 a\u00f1os.<\/p>\n<p>De acuerdo con un comunicado emitido por la casa de estudios, se trat\u00f3 de un \u00faltimo obsequio del Pont\u00edfice, a modo de agradecimiento por el encuentro del 16 de abril, cuando expres\u00f3 su reconocimiento al personal de la Fundaci\u00f3n Policl\u00ednica A. Gemelli, a la Universidad Cat\u00f3lica y a la Direcci\u00f3n de Salud e Higiene del Estado de la Ciudad del Vaticano por la atenci\u00f3n que recibi\u00f3 en sus d\u00edas de hospitalizaci\u00f3n.<\/p>\n<p>Ese acto de entrega le dio un sentido a\u00fan m\u00e1s profundo a la devoci\u00f3n en la universidad, que ahora conserva una figura vinculada tanto a la fe como al afecto personal del Papa.<\/p>\n<p>&nbsp;<\/p>\n<p><strong>La tradici\u00f3n de Nuestra Se\u00f1ora de Luj\u00e1n<\/strong><\/p>\n<p>Nuestra Se\u00f1ora de Luj\u00e1n, patrona de Argentina, es venerada en una ciudad hom\u00f3nima ubicada a 70 kil\u00f3metros de Buenos Aires. La festividad del 8 de mayo ocupa un lugar destacado en el calendario religioso argentino, y el propio Francisco, cuando era arzobispo de la capital, particip\u00f3 cada a\u00f1o en la tradicional peregrinaci\u00f3n. Incluso despu\u00e9s de asumir como Papa, mantuvo su cercan\u00eda con el santuario y renov\u00f3 su devoci\u00f3n en distintos mensajes.<\/p>\n<p>Uno de esos gestos ocurri\u00f3 durante la pandemia, en 2020, cuando le escribi\u00f3 a monse\u00f1or Jorge Scheinig, arzobispo de la di\u00f3cesis de Mercedes-Luj\u00e1n, y afirm\u00f3: \u201cLa mirar\u00e9 una vez m\u00e1s y una vez m\u00e1s, me dejar\u00e9 mirar por ella\u201d.<\/p>\n<p>En otro pasaje del mismo mensaje, reafirm\u00f3 su apego a la Virgen: \u201ccontaremos nuestras preocupaciones y alegr\u00edas\u201d, reflejando as\u00ed la confianza con la que recurr\u00eda a su intercesi\u00f3n.<\/p>\n<p>Este v\u00ednculo mariano del papa Francisco se puede comparar con la devoci\u00f3n que mantuvo hacia la Salus Populi Romani, el ic\u00f3nico retrato de la Virgen que se encuentra en la bas\u00edlica papal de Santa Mar\u00eda la Mayor, donde eligi\u00f3 ser sepultado.<\/p>\n<p>De esta forma, la entrega de la estatuilla a la rectora Beccalli no solo represent\u00f3 un regalo simb\u00f3lico, sino tambi\u00e9n el eco de una espiritualidad profunda que acompa\u00f1\u00f3 al Papa hasta sus \u00faltimos d\u00edas.<\/p>\n","protected":false},"excerpt":{"rendered":"<p>El Pont\u00edfice realiz\u00f3 un presente a su pa\u00eds natal antes de morir. El motivo fue un agradecimiento luego de su hospitalizaci\u00f3n &nbsp; &nbsp; Una imagen de Nuestra Se\u00f1ora de Luj\u00e1n, con su tradicional manto blanco y celeste, fue el presente que recibi\u00f3 Elena Beccalli, rectora de la Universidad Cat\u00f3lica del Sagrado Coraz\u00f3n, durante su visita a la Casa Santa Marta. All\u00ed tambi\u00e9n se acerc\u00f3 para despedir los restos del papa Francisco, fallecido el pasado lunes a sus 88 a\u00f1os. De acuerdo con un comunicado emitido por la casa de estudios,&#8230;<\/p>\n","protected":false},"author":3,"featured_media":127740,"comment_status":"closed","ping_status":"closed","sticky":false,"template":"","format":"standard","meta":[],"categories":[9],"tags":[],"_links":{"self":[{"href":"https:\/\/www.actualidadadiario.com\/index.php\/wp-json\/wp\/v2\/posts\/127739"}],"collection":[{"href":"https:\/\/www.actualidadadiario.com\/index.php\/wp-json\/wp\/v2\/posts"}],"about":[{"href":"https:\/\/www.actualidadadiario.com\/index.php\/wp-json\/wp\/v2\/types\/post"}],"author":[{"embeddable":true,"href":"https:\/\/www.actualidadadiario.com\/index.php\/wp-json\/wp\/v2\/users\/3"}],"replies":[{"embeddable":true,"href":"https:\/\/www.actualidadadiario.com\/index.php\/wp-json\/wp\/v2\/comments?post=127739"}],"version-history":[{"count":1,"href":"https:\/\/www.actualidadadiario.com\/index.php\/wp-json\/wp\/v2\/posts\/127739\/revisions"}],"predecessor-version":[{"id":127741,"href":"https:\/\/www.actualidadadiario.com\/index.php\/wp-json\/wp\/v2\/posts\/127739\/revisions\/127741"}],"wp:featuredmedia":[{"embeddable":true,"href":"https:\/\/www.actualidadadiario.com\/index.php\/wp-json\/wp\/v2\/media\/127740"}],"wp:attachment":[{"href":"https:\/\/www.actualidadadiario.com\/index.php\/wp-json\/wp\/v2\/media?parent=127739"}],"wp:term":[{"taxonomy":"category","embeddable":true,"href":"https:\/\/www.actualidadadiario.com\/index.php\/wp-json\/wp\/v2\/categories?post=127739"},{"taxonomy":"post_tag","embeddable":true,"href":"https:\/\/www.actualidadadiario.com\/index.php\/wp-json\/wp\/v2\/tags?post=127739"}],"curies":[{"name":"wp","href":"https:\/\/api.w.org\/{rel}","templated":true}]}}