{"id":127736,"date":"2025-04-25T14:53:27","date_gmt":"2025-04-25T17:53:27","guid":{"rendered":"https:\/\/www.actualidadadiario.com\/?p=127736"},"modified":"2025-04-25T14:53:27","modified_gmt":"2025-04-25T17:53:27","slug":"el-mural-de-la-banksy-italiana-que-cuestiona-la-lista-de-invitados-al-funeral-de-francisco-quienes-son-estos","status":"publish","type":"post","link":"https:\/\/www.actualidadadiario.com\/index.php\/2025\/04\/25\/el-mural-de-la-banksy-italiana-que-cuestiona-la-lista-de-invitados-al-funeral-de-francisco-quienes-son-estos\/","title":{"rendered":"El mural de la Banksy italiana que cuestiona la lista de invitados al funeral de Francisco: &#8220;\u00bfQui\u00e9nes son estos?&#8221;"},"content":{"rendered":"<p style=\"text-align: center;\"><em><strong>Laika, la artista callejera italiana a la que se compara con Banksy, pint\u00f3 esta semana un mural del papa Francisco, que cuestiona a varios l\u00edderes mundiales que fueron muy cr\u00edticos con el Pont\u00edfice pero asistir\u00e1n a su funeral, entre los que incluy\u00f3 a los presidentes de Estados Unidos y Argentina, Donald Trump y Javier Milei<\/strong><\/em><\/p>\n<p>&nbsp;<\/p>\n<p>&nbsp;<\/p>\n<p>En el mural puede observarse al papa Francisco con una &#8220;lista de invitados&#8221; en su mano, a la que observa fijamente mientras se pregunta: &#8220;\u00bfPero qui\u00e9n invit\u00f3 a estos?&#8221;. Los nombres que llegan a leerse en el listado, adem\u00e1s de Donald Trump y Javier Milei, son los de \u00darsula Von der Leyen, titular de la Comisi\u00f3n Europea, Matteo Salvini, vicepresidente del Consejo de Ministros de la Rep\u00fablica Italiana, y Matteo Piantedosi, ministro del Interior italiano.<\/p>\n<p>&#8220;Es la primera vez que retrato al Papa en mis carteles precisamente porque la Iglesia es un mundo extremadamente lejos de m\u00ed, sobre todo en materia de derechos civiles. Pero no se puede negar que Francisco fue un Papa atento a los migrantes, a la masacre de los palestinos en Gaza y contra el rearme, en nombre de una paz sin armas&#8221;, explic\u00f3 la artista por redes sociales.<\/p>\n<p>Con este mural, Laika dijo que quiso &#8220;hacer una breve reflexi\u00f3n sobre el &#8216;desfile de la hipocres\u00eda&#8217; que se llevar\u00e1 a cabo este s\u00e1bado&#8221;, ya que en el funeral del Papa estar\u00e1n &#8220;Donald Trump, criticado por las deportaciones masivas de migrantes a Estados Unidos; Javier Milei, acusado de desmantelar el Estado de derecho y promover pol\u00edticas xen\u00f3fobas; Ursula von der Leyen, partidaria del rearme europeo y contraria a las pol\u00edticas de acogida; Matteo Salvini, nunca recibido por el Papa Francisco durante su pontificado; y Matteo Piantedosi, impulsor del pol\u00e9mico Decreto Cutro&#8221;.<\/p>\n<p>Los nombres incluidos en el mural por la artista callejera son personajes p\u00fablicos que han sido cr\u00edticos del papado de Francisco por su apertura a los derechos LGTB, su apoyo a los migrantes, su lucha por la Justicia Social y otras problem\u00e1ticas que abord\u00f3 desde su llegada al Vaticano. &#8220;Creo que Francisco, si pudiera, habr\u00eda con mucho gusto tachado esos nombres de su &#8216;lista de invitados'&#8221;, indic\u00f3 Laika en ese sentido.<\/p>\n<p>Este s\u00e1bado, Francisco ser\u00e1 despedido en un funeral en la Plaza San Pedro al que asistir\u00e1n numerosos l\u00edderes mundiales. De parte de Argentina viajar\u00e1 el presidente Javier Milei, f\u00e9rreo detractor de Jorge Bergoglio desde sus primeras apariciones medi\u00e1ticas; la secretaria general de la Presidencia, Karina Milei; el jefe de Gabinete, Guillermo Francos; el canciller Gerardo Werthein; la ministra de Capital Humano, Sandra Pettovello; la ministra de Seguridad Nacional, Patricia Bullrich; y el vocero presidencial, Manuel Adorni.<\/p>\n<p>Del resto del mundo confirmaron su presencia el presidente estadounidense Donald Trump; el presidente franc\u00e9s Emmanuel Macron; el primer ministro brit\u00e1nico, Keir Starmer; el presidente brasile\u00f1o Luiz In\u00e1cio Lula da Silva; el presidente de Ecuador, Daniel Noboa; el jefe de Estado dominicano Luis Abinader; el presidente alem\u00e1n Frank Walter Steinmeier y el jefe de gobierno saliente Olaf Scholz; el presidente de Ucrania, Volod\u00edmir Zelenski; la titular de la Comisi\u00f3n Europea, Ursula von der Leyen; el presidente del Consejo Europeo, Ant\u00f3nio Costa; y el secretario general de la ONU, Antonio Guterres, entre otros.<\/p>\n","protected":false},"excerpt":{"rendered":"<p>Laika, la artista callejera italiana a la que se compara con Banksy, pint\u00f3 esta semana un mural del papa Francisco, que cuestiona a varios l\u00edderes mundiales que fueron muy cr\u00edticos con el Pont\u00edfice pero asistir\u00e1n a su funeral, entre los que incluy\u00f3 a los presidentes de Estados Unidos y Argentina, Donald Trump y Javier Milei &nbsp; &nbsp; En el mural puede observarse al papa Francisco con una &#8220;lista de invitados&#8221; en su mano, a la que observa fijamente mientras se pregunta: &#8220;\u00bfPero qui\u00e9n invit\u00f3 a estos?&#8221;. Los nombres que llegan&#8230;<\/p>\n","protected":false},"author":3,"featured_media":127737,"comment_status":"closed","ping_status":"closed","sticky":false,"template":"","format":"standard","meta":[],"categories":[9],"tags":[],"_links":{"self":[{"href":"https:\/\/www.actualidadadiario.com\/index.php\/wp-json\/wp\/v2\/posts\/127736"}],"collection":[{"href":"https:\/\/www.actualidadadiario.com\/index.php\/wp-json\/wp\/v2\/posts"}],"about":[{"href":"https:\/\/www.actualidadadiario.com\/index.php\/wp-json\/wp\/v2\/types\/post"}],"author":[{"embeddable":true,"href":"https:\/\/www.actualidadadiario.com\/index.php\/wp-json\/wp\/v2\/users\/3"}],"replies":[{"embeddable":true,"href":"https:\/\/www.actualidadadiario.com\/index.php\/wp-json\/wp\/v2\/comments?post=127736"}],"version-history":[{"count":1,"href":"https:\/\/www.actualidadadiario.com\/index.php\/wp-json\/wp\/v2\/posts\/127736\/revisions"}],"predecessor-version":[{"id":127738,"href":"https:\/\/www.actualidadadiario.com\/index.php\/wp-json\/wp\/v2\/posts\/127736\/revisions\/127738"}],"wp:featuredmedia":[{"embeddable":true,"href":"https:\/\/www.actualidadadiario.com\/index.php\/wp-json\/wp\/v2\/media\/127737"}],"wp:attachment":[{"href":"https:\/\/www.actualidadadiario.com\/index.php\/wp-json\/wp\/v2\/media?parent=127736"}],"wp:term":[{"taxonomy":"category","embeddable":true,"href":"https:\/\/www.actualidadadiario.com\/index.php\/wp-json\/wp\/v2\/categories?post=127736"},{"taxonomy":"post_tag","embeddable":true,"href":"https:\/\/www.actualidadadiario.com\/index.php\/wp-json\/wp\/v2\/tags?post=127736"}],"curies":[{"name":"wp","href":"https:\/\/api.w.org\/{rel}","templated":true}]}}