{"id":127703,"date":"2025-04-25T11:15:37","date_gmt":"2025-04-25T14:15:37","guid":{"rendered":"https:\/\/www.actualidadadiario.com\/?p=127703"},"modified":"2025-04-25T11:15:37","modified_gmt":"2025-04-25T14:15:37","slug":"las-ventas-no-repuntan-y-acumulan-15-caidas-consecutivas","status":"publish","type":"post","link":"https:\/\/www.actualidadadiario.com\/index.php\/2025\/04\/25\/las-ventas-no-repuntan-y-acumulan-15-caidas-consecutivas\/","title":{"rendered":"Las ventas no repuntan y acumulan 15 ca\u00eddas consecutivas"},"content":{"rendered":"<p style=\"text-align: center;\"><em><strong>El Presidente desestim\u00f3 los preocupantes datos del INDEC y consultoras privadas que muestran la ca\u00edda del consumo porque \u201cun mont\u00f3n de cosas las compr\u00e1s por Mercado Libre\u201d. En todo su gobierno, s\u00f3lo diciembre de 2023 mostr\u00f3 una suba interanual<\/strong><\/em><\/p>\n<p>&nbsp;<\/p>\n<p>&nbsp;<\/p>\n<p>Las ventas de los supermercados y autoservicios registraron -seg\u00fan consultoras- una ca\u00edda del 7,1% interanual en marzo. De esta manera, prolonga una larga serie de malos resultados: fue el decimoquinto mes consecutivo de baja respecto al mismo mes del a\u00f1o previo. Es decir, en todo el gobierno de Javier Milei solo diciembre de 2023 mostr\u00f3 una suba interanual.<\/p>\n<p>Por su parte, el INDEC dio a conocer los datos de ventas en supermercados y mayoristas de febrero, dos \u00edndices que siguen sin repuntar y que cayeron en la comparaci\u00f3n con enero. En autoservicios mayoristas, las ventas disminuyeron 9,1% interanual en febrero de 2025 y 1% respecto de enero.<\/p>\n<p>En este marco, el presidente Javier Milei desestim\u00f3 los datos del INDEC y consultoras privadas que muestran la ca\u00edda del consumo porque \u201cun mont\u00f3n de cosas las compr\u00e1s por Mercado Libre\u201d.<\/p>\n<p>Abril, en principio, podr\u00eda seguir la tendencia aunque m\u00e1s moderadamente. Seg\u00fan supo El Destape de fuentes cercanas al sector supermercadista, la primera quincena del mes en curso termin\u00f3 con una baja del 2% respecto al mismo per\u00edodo de 2024.<\/p>\n<p>Sin embargo, las fuentes agregaron que es posible que esta tendencia cambie cuando se considere el mes entero. En primer lugar, porque aclararon que falta incluir los datos de una cadena de supermercados. Pero, sobre todo, porque resta sumar todav\u00eda el consumo de la Semana Santa, cuando suele haber una importante suba en las ventas. En 2024, al contrario, las Pascuas se hab\u00edan concatenado con el feriado del 2 de abril, influyendo en un alza relativa de las ventas durante la primera quincena del mes y en una probable baja relativa en la tercera a comparaci\u00f3n con 2025.<\/p>\n<p>De este modo, se\u00f1alaron que el mes de abril podr\u00eda terminar con un resultado &#8220;no negativo&#8221;, es decir, ya sea de manera neutra (en pr\u00e1cticamente cero) o con un resultado levemente positivo, siempre teniendo como comparaci\u00f3n al mismo mes del a\u00f1o previo.<\/p>\n<p>Las mismas fuentes cercanas al supermercadismo se\u00f1alan que en el probable resultado positivo influir\u00e1 fuertemente la baja base de comparaci\u00f3n que surge del consumo en abril del a\u00f1o pasado. En aquel mes, si te toma como comparaci\u00f3n v\u00e1lida el dato de Scentia, el consumo masivo en supermercados hab\u00eda resultado con una baja interanual del 15,3%. Por lo tanto, advirtieron que el consumo, aunque termine el mes por encima de abril de 2024, &#8220;sigue muy por debajo de 2022&#8221;, antes de que comience la recesi\u00f3n del final del gobierno de Alberto Fern\u00e1ndez.<\/p>\n<p>Precisamente, en abril de 2024 se implementaron los grandes tarifazos de alrededor de un 200% en el gas y el agua, y de entre un 120% y un 300% en el caso de la luz, previo a pisar las tarifas en los meses siguientes. Eso implic\u00f3 que los consumidores, pese a la suba paulatina de los salarios formales privados, tuvieran que destinar una mayor parte de sus ingresos a los gastos fijos en servicios y pudieran destinar menos a la compra de bienes b\u00e1sicos.<\/p>\n<p>En otras palabras, si abril termina de manera positiva, ser\u00e1 porque Milei se est\u00e1 comparando con el propio Milei en lo peor del ajuste de shock. De hecho, desde abril de 2024 hasta enero de 2025 la ca\u00edda del consumo masivo fue constantemente de dos cifras. Incluso cuando a partir de ahora las cifras sean levemente positivas, el bolsillo de los argentinos seguir\u00e1 en m\u00ednimos hist\u00f3ricos, y todav\u00eda falta para recuperar el 14% de ca\u00edda global de las ventas en supermercados y comercios de proximidad con la que termin\u00f3 el a\u00f1o pasado.<\/p>\n","protected":false},"excerpt":{"rendered":"<p>El Presidente desestim\u00f3 los preocupantes datos del INDEC y consultoras privadas que muestran la ca\u00edda del consumo porque \u201cun mont\u00f3n de cosas las compr\u00e1s por Mercado Libre\u201d. En todo su gobierno, s\u00f3lo diciembre de 2023 mostr\u00f3 una suba interanual &nbsp; &nbsp; Las ventas de los supermercados y autoservicios registraron -seg\u00fan consultoras- una ca\u00edda del 7,1% interanual en marzo. De esta manera, prolonga una larga serie de malos resultados: fue el decimoquinto mes consecutivo de baja respecto al mismo mes del a\u00f1o previo. Es decir, en todo el gobierno de Javier&#8230;<\/p>\n","protected":false},"author":3,"featured_media":97395,"comment_status":"closed","ping_status":"closed","sticky":false,"template":"","format":"standard","meta":[],"categories":[2],"tags":[],"_links":{"self":[{"href":"https:\/\/www.actualidadadiario.com\/index.php\/wp-json\/wp\/v2\/posts\/127703"}],"collection":[{"href":"https:\/\/www.actualidadadiario.com\/index.php\/wp-json\/wp\/v2\/posts"}],"about":[{"href":"https:\/\/www.actualidadadiario.com\/index.php\/wp-json\/wp\/v2\/types\/post"}],"author":[{"embeddable":true,"href":"https:\/\/www.actualidadadiario.com\/index.php\/wp-json\/wp\/v2\/users\/3"}],"replies":[{"embeddable":true,"href":"https:\/\/www.actualidadadiario.com\/index.php\/wp-json\/wp\/v2\/comments?post=127703"}],"version-history":[{"count":1,"href":"https:\/\/www.actualidadadiario.com\/index.php\/wp-json\/wp\/v2\/posts\/127703\/revisions"}],"predecessor-version":[{"id":127704,"href":"https:\/\/www.actualidadadiario.com\/index.php\/wp-json\/wp\/v2\/posts\/127703\/revisions\/127704"}],"wp:featuredmedia":[{"embeddable":true,"href":"https:\/\/www.actualidadadiario.com\/index.php\/wp-json\/wp\/v2\/media\/97395"}],"wp:attachment":[{"href":"https:\/\/www.actualidadadiario.com\/index.php\/wp-json\/wp\/v2\/media?parent=127703"}],"wp:term":[{"taxonomy":"category","embeddable":true,"href":"https:\/\/www.actualidadadiario.com\/index.php\/wp-json\/wp\/v2\/categories?post=127703"},{"taxonomy":"post_tag","embeddable":true,"href":"https:\/\/www.actualidadadiario.com\/index.php\/wp-json\/wp\/v2\/tags?post=127703"}],"curies":[{"name":"wp","href":"https:\/\/api.w.org\/{rel}","templated":true}]}}