{"id":127684,"date":"2025-04-25T10:35:52","date_gmt":"2025-04-25T13:35:52","guid":{"rendered":"https:\/\/www.actualidadadiario.com\/?p=127684"},"modified":"2025-04-25T10:35:52","modified_gmt":"2025-04-25T13:35:52","slug":"redactan-un-proyecto-de-ley-para-reformar-el-iosper-y-reducir-el-directorio","status":"publish","type":"post","link":"https:\/\/www.actualidadadiario.com\/index.php\/2025\/04\/25\/redactan-un-proyecto-de-ley-para-reformar-el-iosper-y-reducir-el-directorio\/","title":{"rendered":"Redactan un proyecto de ley para reformar el Iosper y reducir el directorio"},"content":{"rendered":"<p style=\"text-align: center;\"><em><strong>Funcionarios del gobierno provincial se encuentran trabajando en los \u00faltimos detalles de un proyecto de ley mediante el cual se apunta a introducir importantes reformas en el Instituto de Obra Social de la Provincia de Entre R\u00edos (Iosper). Una de las modificaciones principales apunta a la composici\u00f3n del Directorio. Seg\u00fan la iniciativa que se est\u00e1 redactando, pasar\u00eda a tener solo tres integrantes. A la presentaci\u00f3n formal la har\u00e1 la semana que viene el gobernador Rogelio Frigerio<\/strong><\/em><\/p>\n<p>&nbsp;<\/p>\n<p>&nbsp;<\/p>\n<p>La novedad fue anticipada este mi\u00e9rcoles en el programa Cuesti\u00f3n de Fondo (Canal 9 Litoral) por el ministro de Gobierno, Manuel Troncoso. \u201cVamos a estar mandando en breve un proyecto muy importante para el presente y el futuro de la provincia\u201d, introdujo el funcionario. \u201cSe trata de una ley en relaci\u00f3n al Iosper\u201d, acot\u00f3.<\/p>\n<p>Troncoso no dio m\u00e1s detalles, pero mencion\u00f3 que al anuncio formal est\u00e1 previsto que lo realice el gobernador y se\u00f1al\u00f3 que se program\u00f3 para el pr\u00f3ximo lunes 28 de abril.<\/p>\n<p>Para Manuel Troncoso la reforma de la Constituci\u00f3n provincial est\u00e1 en agenda, aunque hay que convocar a un debate amplio y generoso. Entre otros cambios, propone un sistema unicameral para el Poder Legislativo.<\/p>\n<p>Fuentes oficiales consultadas por el medio An\u00e1lisis este jueves precisaron que uno de los puntos m\u00e1s salientes de la iniciativa es la modificaci\u00f3n en la composici\u00f3n del Directorio y su reducci\u00f3n de siete miembros a tres, con un solo representante gremial.<\/p>\n<p>Desde su creaci\u00f3n, en 1973, y a lo largo de m\u00e1s de dos d\u00e9cadas, el Poder Ejecutivo design\u00f3 a las autoridades de la obra social.<\/p>\n<p>Hubo un intento que no prosper\u00f3 de darles representaci\u00f3n en la conducci\u00f3n a los beneficiarios en 1995, durante la gesti\u00f3n de Mario Moine.<\/p>\n<p>Dos a\u00f1os despu\u00e9s, en 1997, ya en el segundo gobierno de Jorge Busti, se impuso un reglamento de elecciones para transferir la administraci\u00f3n a los beneficiarios.<\/p>\n<p>Esta reforma se aplic\u00f3 en mayo de 1998 y desde entonces la gesti\u00f3n estuvo a cargo de un Directorio compuesto por siete miembros representativos de los trabajadores estatales activos y pasivos elegidos por el voto directo de los afiliados a la obra social.<\/p>\n<p>El Directorio se compone por un representante de los empleados judiciales y legislativos, uno por los jubilados, uno por la Polic\u00eda de Entre R\u00edos, uno por los trabajadores de la administraci\u00f3n central, otro por los municipales, otro por los docentes y uno por los empleados de la obra social. Ellos son los encargados de elegir un presidente.<\/p>\n<p>Si se implementa la reforma que impulsar\u00e1 Frigerio, que promete un fuerte debate legislativo y pol\u00edtico, habr\u00e1 un presidente y un vice designados por el Poder Ejecutivo y el tercer miembro ser\u00e1 un representante gremial elegido por los sindicatos.<\/p>\n<p>El Iosper est\u00e1 intervenido desde diciembre por decisi\u00f3n de Frigerio y est\u00e1 al frente Mariano Gallegos.<\/p>\n","protected":false},"excerpt":{"rendered":"<p>Funcionarios del gobierno provincial se encuentran trabajando en los \u00faltimos detalles de un proyecto de ley mediante el cual se apunta a introducir importantes reformas en el Instituto de Obra Social de la Provincia de Entre R\u00edos (Iosper). Una de las modificaciones principales apunta a la composici\u00f3n del Directorio. Seg\u00fan la iniciativa que se est\u00e1 redactando, pasar\u00eda a tener solo tres integrantes. A la presentaci\u00f3n formal la har\u00e1 la semana que viene el gobernador Rogelio Frigerio &nbsp; &nbsp; La novedad fue anticipada este mi\u00e9rcoles en el programa Cuesti\u00f3n de Fondo&#8230;<\/p>\n","protected":false},"author":3,"featured_media":22659,"comment_status":"closed","ping_status":"closed","sticky":false,"template":"","format":"standard","meta":[],"categories":[9],"tags":[],"_links":{"self":[{"href":"https:\/\/www.actualidadadiario.com\/index.php\/wp-json\/wp\/v2\/posts\/127684"}],"collection":[{"href":"https:\/\/www.actualidadadiario.com\/index.php\/wp-json\/wp\/v2\/posts"}],"about":[{"href":"https:\/\/www.actualidadadiario.com\/index.php\/wp-json\/wp\/v2\/types\/post"}],"author":[{"embeddable":true,"href":"https:\/\/www.actualidadadiario.com\/index.php\/wp-json\/wp\/v2\/users\/3"}],"replies":[{"embeddable":true,"href":"https:\/\/www.actualidadadiario.com\/index.php\/wp-json\/wp\/v2\/comments?post=127684"}],"version-history":[{"count":1,"href":"https:\/\/www.actualidadadiario.com\/index.php\/wp-json\/wp\/v2\/posts\/127684\/revisions"}],"predecessor-version":[{"id":127685,"href":"https:\/\/www.actualidadadiario.com\/index.php\/wp-json\/wp\/v2\/posts\/127684\/revisions\/127685"}],"wp:featuredmedia":[{"embeddable":true,"href":"https:\/\/www.actualidadadiario.com\/index.php\/wp-json\/wp\/v2\/media\/22659"}],"wp:attachment":[{"href":"https:\/\/www.actualidadadiario.com\/index.php\/wp-json\/wp\/v2\/media?parent=127684"}],"wp:term":[{"taxonomy":"category","embeddable":true,"href":"https:\/\/www.actualidadadiario.com\/index.php\/wp-json\/wp\/v2\/categories?post=127684"},{"taxonomy":"post_tag","embeddable":true,"href":"https:\/\/www.actualidadadiario.com\/index.php\/wp-json\/wp\/v2\/tags?post=127684"}],"curies":[{"name":"wp","href":"https:\/\/api.w.org\/{rel}","templated":true}]}}