{"id":127394,"date":"2025-04-17T11:52:15","date_gmt":"2025-04-17T14:52:15","guid":{"rendered":"https:\/\/www.actualidadadiario.com\/?p=127394"},"modified":"2025-04-18T11:58:09","modified_gmt":"2025-04-18T14:58:09","slug":"reunidos-para-proponer-una-agenda-entrerriana","status":"publish","type":"post","link":"https:\/\/www.actualidadadiario.com\/index.php\/2025\/04\/17\/reunidos-para-proponer-una-agenda-entrerriana\/","title":{"rendered":"Reunidos para proponer una agenda entrerriana"},"content":{"rendered":"<p style=\"text-align: center;\"><em><strong>Rondas de consulta e interacci\u00f3n con diferentes espacios profesionales y pol\u00edticos fueron parte de las conclusiones de la reuni\u00f3n de ETER en Paran\u00e1<\/strong><\/em><\/p>\n<p>&nbsp;<\/p>\n<p>&nbsp;<\/p>\n<p>En el encuentro realizado el mi\u00e9rcoles 16 de abril en el club Sportivo Entre R\u00edos. El espacio ETER (entre todos Entre R\u00edos) se acord\u00f3 a propuesta del compa\u00f1ero Carlos Acosta, iniciar una ronda de consultas con importantes referentes del espacio en la provincia. Para constituir una mesa ejecutiva que tenga como fin fortalecer la conducci\u00f3n del espacio.<\/p>\n<p>Se acord\u00f3 tambi\u00e9n a propuesta del compa\u00f1ero Augusto Alasino, que frente a la ineficiente gesti\u00f3n provincial, llevar a cabo program\u00e1ticamente (como lo plante\u00f3 el compa\u00f1ero Ubaldo Domingo) una agenda entrerriana que aborde el analisis de la situaci\u00f3n de Entre R\u00edos, que establezca prioridades para la recuperaci\u00f3n provincial. Esto significar\u00eda enfocarse en lo local, y excluir lo nacional en cuanto a las disputas en capital federal y provincia de Buenos Aires.<\/p>\n<p>Lo prioritario es el desarrollo de ideas entrerrianas para la problem\u00e1tica entrerriana.<\/p>\n<p>Se pudo establecer en esta reuni\u00f3n buen clima de debate, seguiremos fogoneando estos \u00e1mbitos.<\/p>\n<p>Entre los presentes participaron Ubaldo Domingo, Palma, Augusto Alasino, Hugo Montiel, Mimi Oneto, Ra\u00fal Arrua, Carlos Acosta, y la diputada provincial Liliana Salinas del Partido Conservador Popular entre otros.<\/p>\n","protected":false},"excerpt":{"rendered":"<p>Rondas de consulta e interacci\u00f3n con diferentes espacios profesionales y pol\u00edticos fueron parte de las conclusiones de la reuni\u00f3n de ETER en Paran\u00e1 &nbsp; &nbsp; En el encuentro realizado el mi\u00e9rcoles 16 de abril en el club Sportivo Entre R\u00edos. El espacio ETER (entre todos Entre R\u00edos) se acord\u00f3 a propuesta del compa\u00f1ero Carlos Acosta, iniciar una ronda de consultas con importantes referentes del espacio en la provincia. Para constituir una mesa ejecutiva que tenga como fin fortalecer la conducci\u00f3n del espacio. Se acord\u00f3 tambi\u00e9n a propuesta del compa\u00f1ero Augusto&#8230;<\/p>\n","protected":false},"author":3,"featured_media":127395,"comment_status":"closed","ping_status":"closed","sticky":false,"template":"","format":"standard","meta":[],"categories":[15],"tags":[],"_links":{"self":[{"href":"https:\/\/www.actualidadadiario.com\/index.php\/wp-json\/wp\/v2\/posts\/127394"}],"collection":[{"href":"https:\/\/www.actualidadadiario.com\/index.php\/wp-json\/wp\/v2\/posts"}],"about":[{"href":"https:\/\/www.actualidadadiario.com\/index.php\/wp-json\/wp\/v2\/types\/post"}],"author":[{"embeddable":true,"href":"https:\/\/www.actualidadadiario.com\/index.php\/wp-json\/wp\/v2\/users\/3"}],"replies":[{"embeddable":true,"href":"https:\/\/www.actualidadadiario.com\/index.php\/wp-json\/wp\/v2\/comments?post=127394"}],"version-history":[{"count":1,"href":"https:\/\/www.actualidadadiario.com\/index.php\/wp-json\/wp\/v2\/posts\/127394\/revisions"}],"predecessor-version":[{"id":127396,"href":"https:\/\/www.actualidadadiario.com\/index.php\/wp-json\/wp\/v2\/posts\/127394\/revisions\/127396"}],"wp:featuredmedia":[{"embeddable":true,"href":"https:\/\/www.actualidadadiario.com\/index.php\/wp-json\/wp\/v2\/media\/127395"}],"wp:attachment":[{"href":"https:\/\/www.actualidadadiario.com\/index.php\/wp-json\/wp\/v2\/media?parent=127394"}],"wp:term":[{"taxonomy":"category","embeddable":true,"href":"https:\/\/www.actualidadadiario.com\/index.php\/wp-json\/wp\/v2\/categories?post=127394"},{"taxonomy":"post_tag","embeddable":true,"href":"https:\/\/www.actualidadadiario.com\/index.php\/wp-json\/wp\/v2\/tags?post=127394"}],"curies":[{"name":"wp","href":"https:\/\/api.w.org\/{rel}","templated":true}]}}