{"id":127343,"date":"2025-04-17T13:26:53","date_gmt":"2025-04-17T16:26:53","guid":{"rendered":"https:\/\/www.actualidadadiario.com\/?p=127343"},"modified":"2025-04-17T13:26:53","modified_gmt":"2025-04-17T16:26:53","slug":"el-consumo-cayo-54-interanual-en-marzo-y-no-logra-repuntar","status":"publish","type":"post","link":"https:\/\/www.actualidadadiario.com\/index.php\/2025\/04\/17\/el-consumo-cayo-54-interanual-en-marzo-y-no-logra-repuntar\/","title":{"rendered":"El consumo cay\u00f3 5,4% interanual en marzo y no logra repuntar"},"content":{"rendered":"<p style=\"text-align: center;\"><em><strong>Tanto supermercados como autoservicios siguen en baja, aunque se desaceler\u00f3 la ca\u00edda<\/strong><\/em><\/p>\n<p>&nbsp;<\/p>\n<p>&nbsp;<\/p>\n<p>El consumo masivo contin\u00faa con n\u00fameros negativos, pese a la baja base de comparaci\u00f3n con respecto a la ca\u00edda registrada en 2024 y la mejora de la actividad.<\/p>\n<p>En marzo se contrajo 5,4% interanual en marzo y 8,6% en el acumulado del primer trimestre, seg\u00fan un relevamiento de la consultora Scentia, un indicador privado muy seguido en el sector.<\/p>\n<p>As\u00ed, encadena 16 meses consecutivos en rojo. Los productos que no son de primera necesidad siguen mostrando los peores desempe\u00f1os.<\/p>\n<p>En perspectiva, de acuerdo a Scentia, en febrero las ventas de los supermercados y autoservicios, que representan cerca de 70% de este segmento, hab\u00edan disminuido 9,8% interanual.<\/p>\n<p>La situaci\u00f3n en marzo entre canales es distinta a la del mes previo dado que el primero sufri\u00f3 una retracci\u00f3n de -7,1% y el segundo de -3,7%.<\/p>\n<p>La consultora resalt\u00f3 que la comparaci\u00f3n es contra un marzo de 2024 con pascuas, mientras que este a\u00f1o caen en el mes de abril.<\/p>\n<p>La suba en algunos casos y morigeraci\u00f3n de la ca\u00edda en otros se dio incluso a pesar de la aceleraci\u00f3n de la inflaci\u00f3n, que el mes pasado alcanz\u00f3 el 3,7% y en el \u00faltimo a\u00f1o marc\u00f3 un aumento del 55,9%.<\/p>\n<p>La divisi\u00f3n con mayor incidencia fue justamente Alimentos, al incrementarse 5,9%, principalmente por los avances en Verduras, tub\u00e9rculos y legumbres y en Carnes y derivados.<\/p>\n<p>Educaci\u00f3n lider\u00f3 el \u00edndice con un alza de 21,6%, en un mes que tiene el factor estacional de inicio del ciclo lectivo.<\/p>\n<p>Respecto a los servicios p\u00fablicos, los aumentos de las tarifas fueron m\u00e1s moderados que meses anteriores: Vivienda, agua, electricidad, gas y otros combustibles se increment\u00f3 2,9% y transporte 1,7%.<\/p>\n<p>El cambio de composici\u00f3n en la estructura de gastos de los hogares, donde estos \u00faltimos se llevan la mayor proporci\u00f3n, explica en gran medida la disminuci\u00f3n del consumo masivo.<\/p>\n<p>En tanto, las ventas de bienes durables vienen expandi\u00e9ndose como resultado de la expansi\u00f3n del cr\u00e9dito.<\/p>\n","protected":false},"excerpt":{"rendered":"<p>Tanto supermercados como autoservicios siguen en baja, aunque se desaceler\u00f3 la ca\u00edda &nbsp; &nbsp; El consumo masivo contin\u00faa con n\u00fameros negativos, pese a la baja base de comparaci\u00f3n con respecto a la ca\u00edda registrada en 2024 y la mejora de la actividad. En marzo se contrajo 5,4% interanual en marzo y 8,6% en el acumulado del primer trimestre, seg\u00fan un relevamiento de la consultora Scentia, un indicador privado muy seguido en el sector. As\u00ed, encadena 16 meses consecutivos en rojo. Los productos que no son de primera necesidad siguen mostrando&#8230;<\/p>\n","protected":false},"author":3,"featured_media":117402,"comment_status":"closed","ping_status":"closed","sticky":false,"template":"","format":"standard","meta":[],"categories":[9],"tags":[],"_links":{"self":[{"href":"https:\/\/www.actualidadadiario.com\/index.php\/wp-json\/wp\/v2\/posts\/127343"}],"collection":[{"href":"https:\/\/www.actualidadadiario.com\/index.php\/wp-json\/wp\/v2\/posts"}],"about":[{"href":"https:\/\/www.actualidadadiario.com\/index.php\/wp-json\/wp\/v2\/types\/post"}],"author":[{"embeddable":true,"href":"https:\/\/www.actualidadadiario.com\/index.php\/wp-json\/wp\/v2\/users\/3"}],"replies":[{"embeddable":true,"href":"https:\/\/www.actualidadadiario.com\/index.php\/wp-json\/wp\/v2\/comments?post=127343"}],"version-history":[{"count":1,"href":"https:\/\/www.actualidadadiario.com\/index.php\/wp-json\/wp\/v2\/posts\/127343\/revisions"}],"predecessor-version":[{"id":127344,"href":"https:\/\/www.actualidadadiario.com\/index.php\/wp-json\/wp\/v2\/posts\/127343\/revisions\/127344"}],"wp:featuredmedia":[{"embeddable":true,"href":"https:\/\/www.actualidadadiario.com\/index.php\/wp-json\/wp\/v2\/media\/117402"}],"wp:attachment":[{"href":"https:\/\/www.actualidadadiario.com\/index.php\/wp-json\/wp\/v2\/media?parent=127343"}],"wp:term":[{"taxonomy":"category","embeddable":true,"href":"https:\/\/www.actualidadadiario.com\/index.php\/wp-json\/wp\/v2\/categories?post=127343"},{"taxonomy":"post_tag","embeddable":true,"href":"https:\/\/www.actualidadadiario.com\/index.php\/wp-json\/wp\/v2\/tags?post=127343"}],"curies":[{"name":"wp","href":"https:\/\/api.w.org\/{rel}","templated":true}]}}