{"id":127338,"date":"2025-04-17T10:36:13","date_gmt":"2025-04-17T13:36:13","guid":{"rendered":"https:\/\/www.actualidadadiario.com\/?p=127338"},"modified":"2025-04-17T10:36:13","modified_gmt":"2025-04-17T13:36:13","slug":"el-campo-quiere-tener-una-participacion-activa-en-la-reglamentacion-de-la-ley-de-agroquimicos","status":"publish","type":"post","link":"https:\/\/www.actualidadadiario.com\/index.php\/2025\/04\/17\/el-campo-quiere-tener-una-participacion-activa-en-la-reglamentacion-de-la-ley-de-agroquimicos\/","title":{"rendered":"El campo quiere tener una participaci\u00f3n activa en la reglamentaci\u00f3n de la Ley de Agroqu\u00edmicos"},"content":{"rendered":"<p style=\"text-align: center;\"><em><strong>Dirigentes y productores entrerrianos de la Federaci\u00f3n Agraria Argentina se reunieron y destacaron la necesidad de formar parte del debate que se dar\u00e1 para reglamentar la ley que regula el uso de agroqu\u00edmicos en la provincia. \u201cSomos los principales actores de esta ley y debemos asegurarnos alcanzar la mejor reglamentaci\u00f3n posible\u201d, afirmaron<\/strong><\/em><\/p>\n<p>&nbsp;<\/p>\n<p>&nbsp;<\/p>\n<p>En la localidad de El Solar (departamento La Paz) se realiz\u00f3 la reuni\u00f3n de la Filial El Solar de la Federaci\u00f3n Agraria Argentina que fue presidida por su titular, Jos\u00e9 Mar\u00eda Varangot, y cont\u00f3 con la participaci\u00f3n de Mat\u00edas Martiarena (Director de la FAA Entre R\u00edos) y Daniel Rodr\u00edguez (Jefe de Gabinete del Ministerio de Desarrollo Econ\u00f3mico de la Provincia).<\/p>\n<p>En el encuentro se analizaron distintos aspectos de la Ley de Fitosanitarios y su reglamentaci\u00f3n, cuyo tratamiento se iniciar\u00eda la pr\u00f3xima semana.<\/p>\n<p>Los productores y los dirigentes de la filial coincidieron en que \u201cresulta imprescindible estar permanentemente informados y actualizados sobre el avance de la reglamentaci\u00f3n, los temas a debatir y los inconvenientes que se presenten, entre otros puntos\u201d.<\/p>\n<p>En este sentido, el titular de la filial, Jos\u00e9 Varangot, opin\u00f3: \u201cDebemos participar porque los productores somos los principales actores en esta ley y tenemos que asegurarnos el\u00a0 alcanzar\u00a0 la mejor reglamentaci\u00f3n posible. Caso contrario, estar\u00edamos echando por la borda mucho esfuerzo puesto al servicio de la confecci\u00f3n y aprobaci\u00f3n de la ley\u201d.<\/p>\n<p>Cabe recordar que la ley fue sancionada en diciembre del a\u00f1o pasado y promulgada en el mes de enero.<\/p>\n","protected":false},"excerpt":{"rendered":"<p>Dirigentes y productores entrerrianos de la Federaci\u00f3n Agraria Argentina se reunieron y destacaron la necesidad de formar parte del debate que se dar\u00e1 para reglamentar la ley que regula el uso de agroqu\u00edmicos en la provincia. \u201cSomos los principales actores de esta ley y debemos asegurarnos alcanzar la mejor reglamentaci\u00f3n posible\u201d, afirmaron &nbsp; &nbsp; En la localidad de El Solar (departamento La Paz) se realiz\u00f3 la reuni\u00f3n de la Filial El Solar de la Federaci\u00f3n Agraria Argentina que fue presidida por su titular, Jos\u00e9 Mar\u00eda Varangot, y cont\u00f3 con la&#8230;<\/p>\n","protected":false},"author":3,"featured_media":127339,"comment_status":"closed","ping_status":"closed","sticky":false,"template":"","format":"standard","meta":[],"categories":[15],"tags":[],"_links":{"self":[{"href":"https:\/\/www.actualidadadiario.com\/index.php\/wp-json\/wp\/v2\/posts\/127338"}],"collection":[{"href":"https:\/\/www.actualidadadiario.com\/index.php\/wp-json\/wp\/v2\/posts"}],"about":[{"href":"https:\/\/www.actualidadadiario.com\/index.php\/wp-json\/wp\/v2\/types\/post"}],"author":[{"embeddable":true,"href":"https:\/\/www.actualidadadiario.com\/index.php\/wp-json\/wp\/v2\/users\/3"}],"replies":[{"embeddable":true,"href":"https:\/\/www.actualidadadiario.com\/index.php\/wp-json\/wp\/v2\/comments?post=127338"}],"version-history":[{"count":1,"href":"https:\/\/www.actualidadadiario.com\/index.php\/wp-json\/wp\/v2\/posts\/127338\/revisions"}],"predecessor-version":[{"id":127340,"href":"https:\/\/www.actualidadadiario.com\/index.php\/wp-json\/wp\/v2\/posts\/127338\/revisions\/127340"}],"wp:featuredmedia":[{"embeddable":true,"href":"https:\/\/www.actualidadadiario.com\/index.php\/wp-json\/wp\/v2\/media\/127339"}],"wp:attachment":[{"href":"https:\/\/www.actualidadadiario.com\/index.php\/wp-json\/wp\/v2\/media?parent=127338"}],"wp:term":[{"taxonomy":"category","embeddable":true,"href":"https:\/\/www.actualidadadiario.com\/index.php\/wp-json\/wp\/v2\/categories?post=127338"},{"taxonomy":"post_tag","embeddable":true,"href":"https:\/\/www.actualidadadiario.com\/index.php\/wp-json\/wp\/v2\/tags?post=127338"}],"curies":[{"name":"wp","href":"https:\/\/api.w.org\/{rel}","templated":true}]}}