{"id":127335,"date":"2025-04-17T10:35:01","date_gmt":"2025-04-17T13:35:01","guid":{"rendered":"https:\/\/www.actualidadadiario.com\/?p=127335"},"modified":"2025-04-17T10:35:01","modified_gmt":"2025-04-17T13:35:01","slug":"las-economias-regionales-segun-el-semaforo-de-coninagro-luces-rojas-y-amarillas-en-entre-rios","status":"publish","type":"post","link":"https:\/\/www.actualidadadiario.com\/index.php\/2025\/04\/17\/las-economias-regionales-segun-el-semaforo-de-coninagro-luces-rojas-y-amarillas-en-entre-rios\/","title":{"rendered":"Las econom\u00edas regionales, seg\u00fan el sem\u00e1foro de Coninagro: luces rojas y amarillas en Entre R\u00edos"},"content":{"rendered":"<p style=\"text-align: center;\"><em><strong>Para el mes de febrero de 2025, el sem\u00e1foro de econom\u00edas regionales muestra: 2 actividades en verde, 9 en amarillo y 8 en rojo. Detalles en este informe<\/strong><\/em><\/p>\n<p>&nbsp;<\/p>\n<p>&nbsp;<\/p>\n<p>Coninagro actualiz\u00f3 su \u00edndice de econom\u00edas regionales con datos de febrero para que los productores agropecuarios puedan hacer un seguimiento de los indicadores que se analizan. El Sem\u00e1foro de Econom\u00edas Regionales \u201cbusca simplificar la complejidad y heterogeneidad de la producci\u00f3n en el campo hacia una herramienta visual de an\u00e1lisis\u201d.<\/p>\n<p>Para el mes de febrero de 2025, el sem\u00e1foro de econom\u00edas regionales muestra: 2 actividades en verde, 9 en amarillo y 8 en rojo, de las cuales se encienden luces de advertencia para aquellas que tienen desarrollo en Entre R\u00edos.<\/p>\n<p>El sem\u00e1foro de Coninagro analiza tres componentes: negocio, productivo y mercado. El primero eval\u00faa la evoluci\u00f3n del precio y el costo, tanto mensual como interanual. El segundo mide el \u00e1rea o stock, seg\u00fan corresponda, y la producci\u00f3n. Y el \u00faltimo, la evoluci\u00f3n de las exportaciones y las importaciones de las producciones, as\u00ed como el consumo interno.<\/p>\n<p>Las actividades en rojo incluyen algod\u00f3n, arroz, mandioca, c\u00edtricos dulces, hortalizas, mandioca, peras y manzanas, vino y mosto y yerba mate. El com\u00fan denominador de estas econom\u00edas que est\u00e1n en rojo es que siguen viendo da\u00f1ado el componente negocio de su actividad, ya que los precios, en muchos casos han bajado o se atrasaron significativamente respecto a la inflaci\u00f3n y a la suba de sus costos. Esto se dio en un contexto de exportaciones que no traccionan precios por un tipo de cambio apreciado y un consumo interno que durante gran parte del \u00faltimo a\u00f1o estuvo debilitado. Este \u00faltimo factor est\u00e1 comenzando a revertirse a medida que los salarios recuperan poder de compra respecto a los alimentos, lo que permite visualizar una expectativa positiva para los pr\u00f3ximos meses por este lado de la demanda.<\/p>\n<p>En el componente productivo, tanto en superficie\/stock como en producci\u00f3n, hay comportamientos dispares. Sin embargo, resaltan algunas producciones que son muy dependientes del mercado interno, como la yerba mate o el vino, donde el incremento de producci\u00f3n (buena noticia) se ha combinado con un consumo debilitado, impactando de manera directa en los precios (mala noticia). Otras econom\u00edas regionales tienen la exportaci\u00f3n como v\u00eda de escape para que los incrementos de producci\u00f3n no se traduzcan en una presi\u00f3n significativa sobre el mercado dom\u00e9stico.<\/p>\n<p>Por este motivo, en el componente mercado la mayor\u00eda de las exportaciones fueron positivas. Sin embargo, como consecuencia de la normalizaci\u00f3n en el pago de las importaciones, la apreciaci\u00f3n cambiaria y la apertura comercial, tambi\u00e9n evolucionaron positivamente las importaciones, que en algunos casos tuvieron un fuerte aumento.<\/p>\n<p>Las actividades en verde incluyen man\u00ed y ovino. En estos sectores, la mejora en el componente negocio se debi\u00f3 a precios que aumentaron levemente por encima de la inflaci\u00f3n, mientras que los costos evolucionaron por debajo.<\/p>\n<p>En amarillo se ubican las 9 actividades restantes, que no han evidenciado una evoluci\u00f3n marcadamente positiva ni negativa en los tres componentes que se relevan en el sem\u00e1foro: componente negocio (precios y costos), componente productivo (\u00e1rea y producci\u00f3n) y componente mercado (exportaciones, importaciones y consumo).<\/p>\n<p>&nbsp;<\/p>\n<p><strong>Desagregado por actividad productiva<\/strong><\/p>\n<ul>\n<li><strong> Algod\u00f3n:<\/strong> Precios a la baja, aumento en el \u00e1rea sembrada y en las exportaciones.<\/li>\n<li><strong> Arroz:<\/strong> Precio a la baja, tanto mensual como interanualmente. Aumento en el \u00e1rea<\/li>\n<\/ul>\n<p>sembrada y exportaciones. Fuerte suba de las importaciones.<\/p>\n<ul>\n<li><strong> Aves:<\/strong> Precio mensual en alza, aunque interanual por debajo de la inflaci\u00f3n. Aumento de<\/li>\n<\/ul>\n<p>las exportaciones.<\/p>\n<ul>\n<li><strong> Bovinos:<\/strong> Buen precio mensual, aunque interanual sigue unos puntos debajo de la<\/li>\n<\/ul>\n<p>inflaci\u00f3n. Costos por debajo. Aumento tanto de las exportaciones como de las<\/p>\n<p>importaciones. Consumo en alza.<\/p>\n<ul>\n<li><strong> C\u00edtricos Dulces:<\/strong> Bajan los precios mensuales, retrasados frente a la inflaci\u00f3n. Buen ritmo<\/li>\n<\/ul>\n<p>en las exportaciones.<\/p>\n<ul>\n<li><strong> Forestal:<\/strong> Precios por debajo de la inflaci\u00f3n. Aumento de las exportaciones.<\/li>\n<li>Granos: Precios y costos arriba de la inflaci\u00f3n, interanual retrasado frente a \u00e9sta. Seg\u00fan<\/li>\n<\/ul>\n<p>las estimaciones habr\u00e1 mayor producci\u00f3n. Exportaciones y consumo en alza.<\/p>\n<ul>\n<li><strong> Hortalizas:<\/strong> Fuerte baja en los precios. Aumento tanto de las exportaciones, como de las<\/li>\n<\/ul>\n<p>importaciones.<\/p>\n<ul>\n<li><strong> Leche:<\/strong> Precio por debajo de la inflaci\u00f3n, costos por encima. Exportaciones y aumento<\/li>\n<\/ul>\n<p>en aumento.<\/p>\n<ul>\n<li><strong> Mandioca:<\/strong> Aumento en el precio mensualmente, aunque interanual est\u00e1 muy bajo. Baja<\/li>\n<\/ul>\n<p>en las importaciones.<\/p>\n<ul>\n<li><strong> Man\u00ed:<\/strong> Precio por debajo de la inflaci\u00f3n, costos por encima. Aumento de la superficie<\/li>\n<\/ul>\n<p>sembrada y las exportaciones.<\/p>\n<ul>\n<li><strong> Miel:<\/strong> Tanto los precios, como los costos subieron por igual encima de la inflaci\u00f3n. Mayor<\/li>\n<\/ul>\n<p>producci\u00f3n y exportaciones.<\/p>\n<ul>\n<li><strong> Ovinos:<\/strong> Buen precio. Exportaciones en aumento.<\/li>\n<li><strong> Papa:<\/strong> Aumento en el precio mensual, anualizado muy retrasado frente a la inflaci\u00f3n.<\/li>\n<\/ul>\n<p>Aumento de las exportaciones.<\/p>\n<ul>\n<li><strong> Peras y Manzanas:<\/strong> Precios a la baja y costos por encima. Aumento en la producci\u00f3n en<\/li>\n<\/ul>\n<p>las exportaciones.<\/p>\n<ul>\n<li><strong> Porcinos:<\/strong> Aumento mensual de los precios, interanual por debajo de la inflaci\u00f3n. Suba<\/li>\n<\/ul>\n<p>en la producci\u00f3n y fuerte aumento de las exportaciones.<\/p>\n<ul>\n<li><strong> Tabaco:<\/strong> Precios sin variaci\u00f3n, costos en alza. Exportaciones en aumento.<\/li>\n<li><strong> Vino y Mosto:<\/strong> Precio a la baja, interanual por debajo de la inflaci\u00f3n. Aumento de la<\/li>\n<\/ul>\n<p>producci\u00f3n, las exportaciones y el consumo.<\/p>\n<ul>\n<li><strong> Yerba Mate:<\/strong> Aumento mensual del precio, interanual queda empatado a la inflaci\u00f3n.<\/li>\n<\/ul>\n<p>Leve aumento de las exportaciones y buen consumo.<\/p>\n","protected":false},"excerpt":{"rendered":"<p>Para el mes de febrero de 2025, el sem\u00e1foro de econom\u00edas regionales muestra: 2 actividades en verde, 9 en amarillo y 8 en rojo. Detalles en este informe &nbsp; &nbsp; Coninagro actualiz\u00f3 su \u00edndice de econom\u00edas regionales con datos de febrero para que los productores agropecuarios puedan hacer un seguimiento de los indicadores que se analizan. El Sem\u00e1foro de Econom\u00edas Regionales \u201cbusca simplificar la complejidad y heterogeneidad de la producci\u00f3n en el campo hacia una herramienta visual de an\u00e1lisis\u201d. Para el mes de febrero de 2025, el sem\u00e1foro de econom\u00edas&#8230;<\/p>\n","protected":false},"author":3,"featured_media":127336,"comment_status":"closed","ping_status":"closed","sticky":false,"template":"","format":"standard","meta":[],"categories":[15],"tags":[],"_links":{"self":[{"href":"https:\/\/www.actualidadadiario.com\/index.php\/wp-json\/wp\/v2\/posts\/127335"}],"collection":[{"href":"https:\/\/www.actualidadadiario.com\/index.php\/wp-json\/wp\/v2\/posts"}],"about":[{"href":"https:\/\/www.actualidadadiario.com\/index.php\/wp-json\/wp\/v2\/types\/post"}],"author":[{"embeddable":true,"href":"https:\/\/www.actualidadadiario.com\/index.php\/wp-json\/wp\/v2\/users\/3"}],"replies":[{"embeddable":true,"href":"https:\/\/www.actualidadadiario.com\/index.php\/wp-json\/wp\/v2\/comments?post=127335"}],"version-history":[{"count":1,"href":"https:\/\/www.actualidadadiario.com\/index.php\/wp-json\/wp\/v2\/posts\/127335\/revisions"}],"predecessor-version":[{"id":127337,"href":"https:\/\/www.actualidadadiario.com\/index.php\/wp-json\/wp\/v2\/posts\/127335\/revisions\/127337"}],"wp:featuredmedia":[{"embeddable":true,"href":"https:\/\/www.actualidadadiario.com\/index.php\/wp-json\/wp\/v2\/media\/127336"}],"wp:attachment":[{"href":"https:\/\/www.actualidadadiario.com\/index.php\/wp-json\/wp\/v2\/media?parent=127335"}],"wp:term":[{"taxonomy":"category","embeddable":true,"href":"https:\/\/www.actualidadadiario.com\/index.php\/wp-json\/wp\/v2\/categories?post=127335"},{"taxonomy":"post_tag","embeddable":true,"href":"https:\/\/www.actualidadadiario.com\/index.php\/wp-json\/wp\/v2\/tags?post=127335"}],"curies":[{"name":"wp","href":"https:\/\/api.w.org\/{rel}","templated":true}]}}