{"id":127333,"date":"2025-04-17T10:33:04","date_gmt":"2025-04-17T13:33:04","guid":{"rendered":"https:\/\/www.actualidadadiario.com\/?p=127333"},"modified":"2025-04-18T12:00:39","modified_gmt":"2025-04-18T15:00:39","slug":"pronostican-una-baja-de-temperaturas-a-mitad-del-finde-largo-de-semana-santa-en-entre-rios-2","status":"publish","type":"post","link":"https:\/\/www.actualidadadiario.com\/index.php\/2025\/04\/17\/pronostican-una-baja-de-temperaturas-a-mitad-del-finde-largo-de-semana-santa-en-entre-rios-2\/","title":{"rendered":"Pronostican una baja de temperaturas a mitad del finde largo de Semana Santa en Entre R\u00edos"},"content":{"rendered":"<p style=\"text-align: center;\"><em><strong>Este jueves santo llega con calor y humedad. Sin embargo, se acerca un frente fr\u00edo que provocar\u00e1 un descenso de las temperaturas en Entre R\u00edos<\/strong><\/em><\/p>\n<p>&nbsp;<\/p>\n<p>&nbsp;<\/p>\n<p>Este Jueves y Viernes Santo ser\u00e1n jornadas con elevada humedad y m\u00e1s calurosas en Entre R\u00edos. Se prev\u00e9n temperaturas m\u00e1ximas de hasta 26 y 27 grados. La nubosidad ser\u00e1 variable pero ir\u00e1 en aumento, con alguna m\u00ednima probabilidad de inestabilidad para ma\u00f1ana.<\/p>\n<p>A partir del s\u00e1bado se pronostica un frente fr\u00edo que provocar\u00e1 un descenso de las temperaturas en Entre R\u00edos. El viento sur llevar\u00e1 las m\u00ednimas hasta los 10 y 11 grados, mientras que las m\u00e1ximas apenas subir\u00e1n entre los 19 y 22 grados.<\/p>\n<p>&nbsp;<\/p>\n<p><strong>Cu\u00e1ndo bajan las temperaturas<\/strong><\/p>\n<p>En Paran\u00e1, La Paz, Villaguay, Diamante y Nogoy\u00e1 anuncian para el s\u00e1bado 11 grados de m\u00ednima y 22 grados de m\u00e1xima, al igual que el domingo. El lunes incluso prev\u00e9n 10 grados.<\/p>\n<p>En Concordia, Federal, Feliciano, Federaci\u00f3n y San Salvador, prev\u00e9n 12 grados de m\u00ednima para el s\u00e1bado y m\u00e1ximas de 22 grados, t\u00e9rmicas que se repetir\u00e1n el domingo. El lunes tambi\u00e9n anticipan 10 grados.<\/p>\n<p>En Gualeguaych\u00fa, Col\u00f3n, Uruguay, Tala e Islas, se pronostican para el s\u00e1bado 10 grados de m\u00ednima y 19 grados de m\u00e1xima; en tanto el domingo ser\u00edan 11 grados de m\u00ednima y 19 grados de m\u00e1xima. El lunes anuncian 9 grados.<\/p>\n<p>Finalmente, en Victoria y Gualeguay se pronostican para el s\u00e1bado 10 grados de m\u00ednima y 21 grados de m\u00e1xima; en tanto el domingo ser\u00edan 10 grados de m\u00ednima y 20 grados de m\u00e1xima. Para el lunes prev\u00e9n 9 grados.<\/p>\n","protected":false},"excerpt":{"rendered":"<p>Este jueves santo llega con calor y humedad. Sin embargo, se acerca un frente fr\u00edo que provocar\u00e1 un descenso de las temperaturas en Entre R\u00edos &nbsp; &nbsp; Este Jueves y Viernes Santo ser\u00e1n jornadas con elevada humedad y m\u00e1s calurosas en Entre R\u00edos. Se prev\u00e9n temperaturas m\u00e1ximas de hasta 26 y 27 grados. La nubosidad ser\u00e1 variable pero ir\u00e1 en aumento, con alguna m\u00ednima probabilidad de inestabilidad para ma\u00f1ana. A partir del s\u00e1bado se pronostica un frente fr\u00edo que provocar\u00e1 un descenso de las temperaturas en Entre R\u00edos. El viento&#8230;<\/p>\n","protected":false},"author":3,"featured_media":127276,"comment_status":"closed","ping_status":"closed","sticky":false,"template":"","format":"standard","meta":[],"categories":[1],"tags":[],"_links":{"self":[{"href":"https:\/\/www.actualidadadiario.com\/index.php\/wp-json\/wp\/v2\/posts\/127333"}],"collection":[{"href":"https:\/\/www.actualidadadiario.com\/index.php\/wp-json\/wp\/v2\/posts"}],"about":[{"href":"https:\/\/www.actualidadadiario.com\/index.php\/wp-json\/wp\/v2\/types\/post"}],"author":[{"embeddable":true,"href":"https:\/\/www.actualidadadiario.com\/index.php\/wp-json\/wp\/v2\/users\/3"}],"replies":[{"embeddable":true,"href":"https:\/\/www.actualidadadiario.com\/index.php\/wp-json\/wp\/v2\/comments?post=127333"}],"version-history":[{"count":1,"href":"https:\/\/www.actualidadadiario.com\/index.php\/wp-json\/wp\/v2\/posts\/127333\/revisions"}],"predecessor-version":[{"id":127334,"href":"https:\/\/www.actualidadadiario.com\/index.php\/wp-json\/wp\/v2\/posts\/127333\/revisions\/127334"}],"wp:featuredmedia":[{"embeddable":true,"href":"https:\/\/www.actualidadadiario.com\/index.php\/wp-json\/wp\/v2\/media\/127276"}],"wp:attachment":[{"href":"https:\/\/www.actualidadadiario.com\/index.php\/wp-json\/wp\/v2\/media?parent=127333"}],"wp:term":[{"taxonomy":"category","embeddable":true,"href":"https:\/\/www.actualidadadiario.com\/index.php\/wp-json\/wp\/v2\/categories?post=127333"},{"taxonomy":"post_tag","embeddable":true,"href":"https:\/\/www.actualidadadiario.com\/index.php\/wp-json\/wp\/v2\/tags?post=127333"}],"curies":[{"name":"wp","href":"https:\/\/api.w.org\/{rel}","templated":true}]}}