{"id":127323,"date":"2025-04-17T10:28:16","date_gmt":"2025-04-17T13:28:16","guid":{"rendered":"https:\/\/www.actualidadadiario.com\/?p=127323"},"modified":"2025-04-17T10:28:16","modified_gmt":"2025-04-17T13:28:16","slug":"semana-santa-en-la-provincia-las-reservas-hoteleras-rondan-el-70","status":"publish","type":"post","link":"https:\/\/www.actualidadadiario.com\/index.php\/2025\/04\/17\/semana-santa-en-la-provincia-las-reservas-hoteleras-rondan-el-70\/","title":{"rendered":"Semana Santa en la provincia: las reservas hoteleras rondan el 70%"},"content":{"rendered":"<p style=\"text-align: center;\"><em><strong>La provincia de Entre R\u00edos se encamina a vivir una Semana Santa con alto impacto tur\u00edstico, con un promedio de reservas hoteleras que ronda el 70 por ciento en los principales destinos y una agenda de actividades que combina tradiciones religiosas, propuestas gastron\u00f3micas, naturaleza, bienestar y entretenimiento para toda la familia<\/strong><\/em><\/p>\n<p>&nbsp;<\/p>\n<p>&nbsp;<\/p>\n<p>El secretario general de la Gobernaci\u00f3n, Mauricio Colello, destac\u00f3 que &#8220;venimos de una temporada estival con buenos niveles de ocupaci\u00f3n en toda la provincia; y esperamos con expectativas esta Semana Santa&#8221;. Agreg\u00f3 adem\u00e1s que, a nivel mundial, el turismo se consolida como una industria generadora de empleo; &#8220;por eso apostamos a este sector con pol\u00edticas p\u00fablicas que incentivan el desarrollo de nuestros destinos&#8221;.<\/p>\n<p>Por su parte, el secretario de Turismo, Jorge Satto, expres\u00f3 que se preparan &#8220;con mucha fuerza, mucho entusiasmo y expectativas altas, porque sabemos que es un fin de semana que convoca&#8221;. Destac\u00f3 adem\u00e1s que el clima de la \u00e9poca acompa\u00f1a muy bien a la amplia propuesta entrerriana. &#8220;Si hace calor, tenemos las playas de r\u00edo y los parques acu\u00e1ticos; si las temperaturas bajan, contamos con las termas y spa&#8221;, se\u00f1al\u00f3.<\/p>\n<p>Los datos relevados hasta el momento indican un importante movimiento tur\u00edstico en destinos como Villa Elisa, que ya registra un 98 por ciento de ocupaci\u00f3n, mientras que La Paz y Federaci\u00f3n superan el 70 por ciento y Col\u00f3n y Concordia se ubican en un 60 por ciento. San Jos\u00e9 y Gualeguaych\u00fa alcanzan el 50 por ciento, aunque se espera que los niveles de reservas contin\u00faen creciendo.<\/p>\n<p>La provincia suma a sus atractivos naturales y termales una nutrida agenda durante el fin de semana largo. Se destacan eventos como la Fiesta Provincial del Pastel Artesanal en Villaguay, la Fiesta Artesanal de la Cerveza en Federaci\u00f3n, la Fiesta Gastron\u00f3mica Ribere\u00f1a en Hernandarias, Sansabores en San Salvador, el Festival del R\u00edo a la Olla en Diamante, la Feria Viva en Victoria, el Festival Gastron\u00f3mico Nuestra Tierra en Villa Urquiza y el Encuentro Nacional de Bater\u00edas y Batucadas en Gualeguay.<\/p>\n<p>El calendario religioso tendr\u00e1 un rol central, con representaciones del V\u00eda Crucis viviente en ciudades como Paran\u00e1, Gualeguaych\u00fa, Villaguay y Villa Elisa. Adem\u00e1s, Crespo y Gualeguaych\u00fa proponen recorridos de fe en bicicleta durante el Viernes Santo, una manera original de vivir esta conmemoraci\u00f3n en contacto con el entorno.<\/p>\n<p>Otras propuestas originales para esta Semana Santa incluyen una Experiencia Enotermal en San Jos\u00e9 y la invitaci\u00f3n a romper en Pueblo Belgrano el &#8220;huevo de chocolate m\u00e1s grande de Entre R\u00edos&#8221;, elaborado por la premiada chocolater\u00eda Carpa Azul; visitas guiadas a vi\u00f1edos y emprendimientos productivos, ferias de artesanos, y m\u00faltiples actividades en museos, espacios culturales, termas y parques.<\/p>\n<p>Desde la Secretar\u00eda de Turismo tambi\u00e9n recordaron que sigue vigente el Pasaporte Entre R\u00edos, una herramienta que brinda beneficios a turistas y que, seg\u00fan anticip\u00f3 Satto, ser\u00e1 relanzada tras Semana Santa para potenciar a\u00fan m\u00e1s la temporada baja en la provincia.<\/p>\n","protected":false},"excerpt":{"rendered":"<p>La provincia de Entre R\u00edos se encamina a vivir una Semana Santa con alto impacto tur\u00edstico, con un promedio de reservas hoteleras que ronda el 70 por ciento en los principales destinos y una agenda de actividades que combina tradiciones religiosas, propuestas gastron\u00f3micas, naturaleza, bienestar y entretenimiento para toda la familia &nbsp; &nbsp; El secretario general de la Gobernaci\u00f3n, Mauricio Colello, destac\u00f3 que &#8220;venimos de una temporada estival con buenos niveles de ocupaci\u00f3n en toda la provincia; y esperamos con expectativas esta Semana Santa&#8221;. Agreg\u00f3 adem\u00e1s que, a nivel mundial,&#8230;<\/p>\n","protected":false},"author":3,"featured_media":127324,"comment_status":"closed","ping_status":"closed","sticky":false,"template":"","format":"standard","meta":[],"categories":[15],"tags":[],"_links":{"self":[{"href":"https:\/\/www.actualidadadiario.com\/index.php\/wp-json\/wp\/v2\/posts\/127323"}],"collection":[{"href":"https:\/\/www.actualidadadiario.com\/index.php\/wp-json\/wp\/v2\/posts"}],"about":[{"href":"https:\/\/www.actualidadadiario.com\/index.php\/wp-json\/wp\/v2\/types\/post"}],"author":[{"embeddable":true,"href":"https:\/\/www.actualidadadiario.com\/index.php\/wp-json\/wp\/v2\/users\/3"}],"replies":[{"embeddable":true,"href":"https:\/\/www.actualidadadiario.com\/index.php\/wp-json\/wp\/v2\/comments?post=127323"}],"version-history":[{"count":1,"href":"https:\/\/www.actualidadadiario.com\/index.php\/wp-json\/wp\/v2\/posts\/127323\/revisions"}],"predecessor-version":[{"id":127325,"href":"https:\/\/www.actualidadadiario.com\/index.php\/wp-json\/wp\/v2\/posts\/127323\/revisions\/127325"}],"wp:featuredmedia":[{"embeddable":true,"href":"https:\/\/www.actualidadadiario.com\/index.php\/wp-json\/wp\/v2\/media\/127324"}],"wp:attachment":[{"href":"https:\/\/www.actualidadadiario.com\/index.php\/wp-json\/wp\/v2\/media?parent=127323"}],"wp:term":[{"taxonomy":"category","embeddable":true,"href":"https:\/\/www.actualidadadiario.com\/index.php\/wp-json\/wp\/v2\/categories?post=127323"},{"taxonomy":"post_tag","embeddable":true,"href":"https:\/\/www.actualidadadiario.com\/index.php\/wp-json\/wp\/v2\/tags?post=127323"}],"curies":[{"name":"wp","href":"https:\/\/api.w.org\/{rel}","templated":true}]}}