{"id":127317,"date":"2025-04-16T13:16:43","date_gmt":"2025-04-16T16:16:43","guid":{"rendered":"https:\/\/www.actualidadadiario.com\/?p=127317"},"modified":"2025-04-16T13:21:20","modified_gmt":"2025-04-16T16:21:20","slug":"cristina-volvio-a-cruzar-a-milei-y-denuncio-otra-primavera-financiera","status":"publish","type":"post","link":"https:\/\/www.actualidadadiario.com\/index.php\/2025\/04\/16\/cristina-volvio-a-cruzar-a-milei-y-denuncio-otra-primavera-financiera\/","title":{"rendered":"Cristina volvi\u00f3 a cruzar a Milei y denunci\u00f3 &#8220;otra primavera financiera&#8221;"},"content":{"rendered":"<p style=\"text-align: center;\"><em><strong>La expresidenta cuestion\u00f3 las nuevas medidas econ\u00f3micas del Gobierno. En su extenso posteo, compar\u00f3 la situaci\u00f3n actual con la previa a la crisis del 2001<\/strong><\/em><\/p>\n<p>&nbsp;<\/p>\n<p>&nbsp;<\/p>\n<p>Cristina Kirchner volvi\u00f3 a cuestionar las medidas econ\u00f3micas que tom\u00f3 el gobierno de Javier Milei, con Luis Caputo como principal impulsor. Apunt\u00f3 contra los pr\u00e9stamos otorgados por el Fondo Monetario Internacional (FMI) y por el BID, y anunci\u00f3 que son pol\u00edticas sin un buen destino, comparando la situaci\u00f3n actual con la previa a la crisis del 2001.<\/p>\n<p>En un extenso posteo, la exmandataria afirm\u00f3 que el Gobierno pretende &#8220;disfrazar sus estafas y disimular los fracasos de sus pol\u00edticas econ\u00f3micas&#8221;, lig\u00e1ndolo a la decisi\u00f3n de pedir un millonario pr\u00e9stamo.<\/p>\n<p>&#8220;Ac\u00e1 abajo est\u00e1 todo muy mal despu\u00e9s de la devaluaci\u00f3n y tu acuerdo con el FMI&#8221;, escribi\u00f3 la dirigente peronista y actual presidenta del PJ. Tambi\u00e9n denunci\u00f3 &#8220;otra primavera financiera&#8221; antes de las elecciones.<\/p>\n<p>&nbsp;<\/p>\n<p><strong>Qu\u00e9 dijo Cristina <\/strong><\/p>\n<p>El posteo comienza cuestionando las celebraciones: &#8220;Ay Milei!.. Disculpame que te escupa el asado en la previa de Semana Santa\u2026 \u00bfPero me quer\u00e9s decir que festejabas vos y el Toto Caputo sac\u00e1ndose fotos y saltando como chicos en cumplea\u00f1os?&#8221;<\/p>\n<p>&#8220;Porque si es por el pr\u00e9stamo del Fondo, junto al del Banco Mundial y el BID, te quiero recordar que De la R\u00faa tambi\u00e9n tuvo uno igual (FMI + BID + BM) por u$s39.700 millones. Le pusieron el marketinero nombre de \u00b4BLINDAJE\u00b4\u2026 \u00a1Qu\u00e9 cosa creativa los gobiernos gorilas, siempre inventando nombres para disfrazar las estafas y disimular los fracasos de sus pol\u00edticas econ\u00f3micas!&#8221;, escribi\u00f3.<\/p>\n<p>Luego remat\u00f3: &#8220;Igual que ahora, a De la R\u00faa, el pr\u00e9stamo se lo aprob\u00f3 el directorio del Fondo un 18 de diciembre del a\u00f1o 2000. Un a\u00f1o despu\u00e9s el pa\u00eds vol\u00f3 por los aires, y es literal&#8221;.<\/p>\n<p>Posteriormente, compar\u00f3 las nuevas medidas econ\u00f3micas con las que tom\u00f3 Mauricio Macri en su gesti\u00f3n: &#8220;\u00bfY si el festejo era porque las reservas del BCRA subieron a u$s36.799 millones? \u00a1Daalee! Macri, despu\u00e9s del mega pr\u00e9stamo del Fondo, lleg\u00f3 a tener reservas por m\u00e1s de u$s70.000 millones. (Para ser m\u00e1s precisos u$s76.794 millones un 16 de abril como hoy, del 2019)&#8221;.<\/p>\n<p>&#8220;As\u00ed que baj\u00e1 a tierra, hermano, que ac\u00e1 abajo est\u00e1 todo muy mal despu\u00e9s de la devaluaci\u00f3n y tu acuerdo con el FMI. Como siempre se profundiz\u00f3 la disparada de la inflaci\u00f3n, la remarcaci\u00f3n de precios no para y la gente cada vez est\u00e1 peor&#8221;, subray\u00f3.<\/p>\n<p>&#8220;Aunque la verdad es que ayer, por la tarde, me di cuenta que el \u00b4festejo\u00b4 del lunes no era por el pr\u00e9stamo. Se sacaban fotos para la gilada&#8221;, prosigui\u00f3.<\/p>\n<p>&nbsp;<\/p>\n<p><strong>El cuestionamiento a las medidas econ\u00f3micas<\/strong><\/p>\n<p>Luego, denunci\u00f3: &#8220;Lo que vos, y muy especialmente el Toto Caputo, estaban festejando era la resoluci\u00f3n que el martes public\u00f3 el BCRA autorizando a inversores no residentes a acceder al Mercado \u00danico y Libre de Cambios (MULC), sin conformidad previa y con una permanencia m\u00ednima de apenas 6 meses. Es decir, hasta las elecciones\u2026 \u00a1Mira vos qu\u00e9 casualidad los plazos para que ingresen d\u00f3lares como capitales especulativos!&#8221;<\/p>\n<p>&#8220;Otra primavera financiera antes de las elecciones, o sea\u2026 muchachas, muchachos, regreso triunfal del tercer turno del carry trade\u2026 \u00a1Mamadera!&#8221;, explay\u00f3 la dos veces presidenta electa.<\/p>\n<p>&#8220;El primer turno del carry trade lo financiaste con la brutal devaluaci\u00f3n del 2023, pisando importaciones y con los Bopreal (t\u00edtulos en d\u00f3lares emitidos por el BCRA para importadores)&#8221;, relat\u00f3 en repaso de medidas anteriores.<\/p>\n<p>&#8220;El segundo turno del carry trade lo financiaste con los 23.000 millones de d\u00f3lares que te entraron con el blanqueo, en octubre del 2024&#8221;, insisti\u00f3 y reafirm\u00f3: &#8220;Y este, el tercer turno del carry trade, te lo vuelve a financiar ahora el Fondo Monetario, como hizo con Macri en el 2018&#8221;.<\/p>\n<p>Asimismo, denunci\u00f3: &#8220;Y para asegurarte que los d\u00f3lares que te dio el Fondo no te los lleven los importadores, ayer el BCRA anunci\u00f3 que emitir\u00e1 una nueva serie de Bopreal. O sea, m\u00e1s papelitos en d\u00f3lares que van a tener que pagar los que todav\u00eda no nacieron, como a vos te gustaba decir cuando eras panelista en la tele\u2026 \u00bfno se te cae la cara, hermano?&#8221;<\/p>\n<p>&#8220;Aunque como dicen en psicolog\u00eda: el subconsciente siempre aflora. El p\u00e1rrafo final del comunicado del BCRA anunciando la vuelta del carry trade y la pisada de importaciones con Bopreales dice textual: \u201cEstas medidas se enmarcan en la Fase 3 del programa econ\u00f3mico\u201d. O sea, tercera fase del carry trade. Te lo dije, Freud nunca falla, y con esta gente\u2026 menos&#8221;.<\/p>\n<p>&#8220;Aunque a m\u00ed\u2026 si tengo que ponerle un nombre creativo me gusta m\u00e1s el blindaje segunda temporada\u2026 l\u00e1stima que no es en Netflix, sino en Argentina\u2026 \u00a1Madre de Dios, qu\u00e9 destino tan triste el de la Patria!&#8221;, concluy\u00f3.<\/p>\n<p>&nbsp;<\/p>\n<p><strong>Las conclusiones de Cristina <\/strong><\/p>\n<p>Posteriormente, agreg\u00f3 tres conclusiones finales: &#8220;P\/D: Y vos Milei\u2026 la verdad que no par\u00e1s de acumular millas para ser el Cipayo de Oro. Cuando te escuch\u00e9 darle la raz\u00f3n a Trump, y su est\u00fapida guerra comercial contra el mundo en la \u00b4Declaraci\u00f3n Conjunta\u00b4 que hiciste vos como presidente, junto a Scott Bessent secretario del Tesoro Norteamericano, sent\u00ed verg\u00fcenza ajena. Pero me sirvi\u00f3 para entender clarito la groser\u00eda del presidente de EEUU, cuando dijo \u00b4Me llaman para besarme el culo\u00b4&#8221;.<\/p>\n<p>&#8220;P\/D2: Igualmente y para parafrasearlo, Trump viene reculando en chancletas, igual que vos con el pr\u00e9stamo del Fondo Monetario Internacional, cuando en la tele de panelista siempre dec\u00edas que los gobiernos que fracasan van al Fondo. Y, ya recibido de pol\u00edtico y diputado, votaste en contra del acuerdo con el FMI en 2022. En fin\u2026&#8221;, destac\u00f3 la exmandataria.<\/p>\n<p>&#8220;P\/D3: \u00bfTe acord\u00e1s cuando el 2 de marzo de este a\u00f1o te dije que hab\u00edas dado vuelta el reloj de arena? \u00bfY del 27 del mismo mes te acord\u00e1s, cuando se\u00f1al\u00e9 que empezaba el primer d\u00eda de tu desgobierno, ante el anuncio del Toto de un nuevo pr\u00e9stamo con el Fondo? Fijate hermano\u2026 porque vos no aguant\u00e1s un archivo y los salarios y las jubilaciones no aguantan m\u00e1s ajuste&#8221;, sentenci\u00f3.<\/p>\n","protected":false},"excerpt":{"rendered":"<p>La expresidenta cuestion\u00f3 las nuevas medidas econ\u00f3micas del Gobierno. En su extenso posteo, compar\u00f3 la situaci\u00f3n actual con la previa a la crisis del 2001 &nbsp; &nbsp; Cristina Kirchner volvi\u00f3 a cuestionar las medidas econ\u00f3micas que tom\u00f3 el gobierno de Javier Milei, con Luis Caputo como principal impulsor. Apunt\u00f3 contra los pr\u00e9stamos otorgados por el Fondo Monetario Internacional (FMI) y por el BID, y anunci\u00f3 que son pol\u00edticas sin un buen destino, comparando la situaci\u00f3n actual con la previa a la crisis del 2001. En un extenso posteo, la exmandataria&#8230;<\/p>\n","protected":false},"author":3,"featured_media":127319,"comment_status":"closed","ping_status":"closed","sticky":false,"template":"","format":"standard","meta":[],"categories":[18],"tags":[],"_links":{"self":[{"href":"https:\/\/www.actualidadadiario.com\/index.php\/wp-json\/wp\/v2\/posts\/127317"}],"collection":[{"href":"https:\/\/www.actualidadadiario.com\/index.php\/wp-json\/wp\/v2\/posts"}],"about":[{"href":"https:\/\/www.actualidadadiario.com\/index.php\/wp-json\/wp\/v2\/types\/post"}],"author":[{"embeddable":true,"href":"https:\/\/www.actualidadadiario.com\/index.php\/wp-json\/wp\/v2\/users\/3"}],"replies":[{"embeddable":true,"href":"https:\/\/www.actualidadadiario.com\/index.php\/wp-json\/wp\/v2\/comments?post=127317"}],"version-history":[{"count":1,"href":"https:\/\/www.actualidadadiario.com\/index.php\/wp-json\/wp\/v2\/posts\/127317\/revisions"}],"predecessor-version":[{"id":127318,"href":"https:\/\/www.actualidadadiario.com\/index.php\/wp-json\/wp\/v2\/posts\/127317\/revisions\/127318"}],"wp:featuredmedia":[{"embeddable":true,"href":"https:\/\/www.actualidadadiario.com\/index.php\/wp-json\/wp\/v2\/media\/127319"}],"wp:attachment":[{"href":"https:\/\/www.actualidadadiario.com\/index.php\/wp-json\/wp\/v2\/media?parent=127317"}],"wp:term":[{"taxonomy":"category","embeddable":true,"href":"https:\/\/www.actualidadadiario.com\/index.php\/wp-json\/wp\/v2\/categories?post=127317"},{"taxonomy":"post_tag","embeddable":true,"href":"https:\/\/www.actualidadadiario.com\/index.php\/wp-json\/wp\/v2\/tags?post=127317"}],"curies":[{"name":"wp","href":"https:\/\/api.w.org\/{rel}","templated":true}]}}