{"id":127315,"date":"2025-04-16T11:35:41","date_gmt":"2025-04-16T14:35:41","guid":{"rendered":"https:\/\/www.actualidadadiario.com\/?p=127315"},"modified":"2025-04-16T11:46:29","modified_gmt":"2025-04-16T14:46:29","slug":"la-cgt-profundiza-el-plan-de-lucha-convoco-a-una-marcha-para-el-30-de-abril","status":"publish","type":"post","link":"https:\/\/www.actualidadadiario.com\/index.php\/2025\/04\/16\/la-cgt-profundiza-el-plan-de-lucha-convoco-a-una-marcha-para-el-30-de-abril\/","title":{"rendered":"La CGT profundiza el plan de lucha: convoc\u00f3 a una marcha para el 30 de abril"},"content":{"rendered":"<p style=\"text-align: center;\"><em><strong>Es parte del plan de lucha contra el ajuste del Gobierno que inici\u00f3 con la movilizaci\u00f3n del 9 de abril y el paro general del 10<\/strong><\/em><\/p>\n<p>&nbsp;<\/p>\n<p>&nbsp;<\/p>\n<p>Luego del paro general del 10 de abril, la Confederaci\u00f3n General de Trabajo (CGT) convoc\u00f3 este martes a una nueva movilizaci\u00f3n contra el ajuste del gobierno nacional para el 30 de abril a las 15 desde la Avenida 9 de Julio hasta el Monumento al Trabajo, en el Bajo porte\u00f1o, en la previa del D\u00eda del Trabajador del 1 de mayo.<\/p>\n<p>La medida de fuerza se tom\u00f3 durante una reuni\u00f3n de la central obrera donde se analizaron los alcances del \u00faltimo paro general y el impacto de la devaluaci\u00f3n anunciada el viernes pasado por el ministro de Econom\u00eda Luis Caputo.<\/p>\n<p>El mismo d\u00eda del paro, el cosecretario general de la CGT, H\u00e9ctor Daer, hab\u00eda afirmado que hab\u00eda sido &#8220;un \u00e9xito rotundo&#8221; y le hab\u00eda enviado un mensaje al Gobierno: &#8220;Despu\u00e9s de este paro, tienen que apagar la motosierra&#8221; porque \u201cno puede existir una Argentina con precios libres y salarios pisados\u201d.<\/p>\n<p>Para el mismo d\u00eda 30 de abril, la CGT convocar\u00e1 a los gobernadores peronistas a una reuni\u00f3n para expresarles la situaci\u00f3n de la clase trabajadora ante el panorama laboral.<\/p>\n<p>Durante la reuni\u00f3n hubo una coincidencia es prever que la liberaci\u00f3n del cepo producir\u00e1 mayor inflaci\u00f3n y los salarios perder\u00e1n su valor real, sobre todo por la decisi\u00f3n del Gobierno de &#8220;pisar los salarios&#8221;. Esto lo dijo claramente el l\u00edder de Comercio, Armando Cavalieri. \u201cTengo 50 a\u00f1os de paritarias, s\u00e9 lo que es acordar. Pero ahora el Gobierno pone el precio del salario. La gente gana poco porque el Gobierno fija el salario. No hay libertad\u201d, afirm\u00f3 a Clar\u00edn.<\/p>\n<p>&nbsp;<\/p>\n<p><strong>La CGT y las dos CTA ir\u00e1n al Congreso<\/strong><\/p>\n<p>Durante la reuni\u00f3n, el titular de los bancarios, Sergio Palazzo, present\u00f3 el informe legislativo. Palazzo, diputado nacional y vicepresidente de la Comisi\u00f3n de Legislaci\u00f3n del Trabajo de la C\u00e1mara Baja, confirm\u00f3 que la CGT y las dos CTA ir\u00e1n el martes a la comisi\u00f3n para expresar su posici\u00f3n sobre el proyecto denominado de &#8220;Democracia Sindical&#8221;, impulsado por parte de la UCR, el PRO y La Libertad Avanza, entre otros.<\/p>\n<p>Entre sus puntos m\u00e1s importantes, el proyecto de ley establece modificaciones en la financiaci\u00f3n de los sindicatos &#8211; elimina la obligatoriedad de la cuota solidaria &#8211; adem\u00e1s de prohibir la reelecci\u00f3n indefinida y exigir la Ficha Limpia para los sindicalistas.<\/p>\n","protected":false},"excerpt":{"rendered":"<p>Es parte del plan de lucha contra el ajuste del Gobierno que inici\u00f3 con la movilizaci\u00f3n del 9 de abril y el paro general del 10 &nbsp; &nbsp; Luego del paro general del 10 de abril, la Confederaci\u00f3n General de Trabajo (CGT) convoc\u00f3 este martes a una nueva movilizaci\u00f3n contra el ajuste del gobierno nacional para el 30 de abril a las 15 desde la Avenida 9 de Julio hasta el Monumento al Trabajo, en el Bajo porte\u00f1o, en la previa del D\u00eda del Trabajador del 1 de mayo. La&#8230;<\/p>\n","protected":false},"author":3,"featured_media":126992,"comment_status":"closed","ping_status":"closed","sticky":false,"template":"","format":"standard","meta":[],"categories":[18],"tags":[],"_links":{"self":[{"href":"https:\/\/www.actualidadadiario.com\/index.php\/wp-json\/wp\/v2\/posts\/127315"}],"collection":[{"href":"https:\/\/www.actualidadadiario.com\/index.php\/wp-json\/wp\/v2\/posts"}],"about":[{"href":"https:\/\/www.actualidadadiario.com\/index.php\/wp-json\/wp\/v2\/types\/post"}],"author":[{"embeddable":true,"href":"https:\/\/www.actualidadadiario.com\/index.php\/wp-json\/wp\/v2\/users\/3"}],"replies":[{"embeddable":true,"href":"https:\/\/www.actualidadadiario.com\/index.php\/wp-json\/wp\/v2\/comments?post=127315"}],"version-history":[{"count":1,"href":"https:\/\/www.actualidadadiario.com\/index.php\/wp-json\/wp\/v2\/posts\/127315\/revisions"}],"predecessor-version":[{"id":127316,"href":"https:\/\/www.actualidadadiario.com\/index.php\/wp-json\/wp\/v2\/posts\/127315\/revisions\/127316"}],"wp:featuredmedia":[{"embeddable":true,"href":"https:\/\/www.actualidadadiario.com\/index.php\/wp-json\/wp\/v2\/media\/126992"}],"wp:attachment":[{"href":"https:\/\/www.actualidadadiario.com\/index.php\/wp-json\/wp\/v2\/media?parent=127315"}],"wp:term":[{"taxonomy":"category","embeddable":true,"href":"https:\/\/www.actualidadadiario.com\/index.php\/wp-json\/wp\/v2\/categories?post=127315"},{"taxonomy":"post_tag","embeddable":true,"href":"https:\/\/www.actualidadadiario.com\/index.php\/wp-json\/wp\/v2\/tags?post=127315"}],"curies":[{"name":"wp","href":"https:\/\/api.w.org\/{rel}","templated":true}]}}