{"id":127311,"date":"2025-04-16T11:42:31","date_gmt":"2025-04-16T14:42:31","guid":{"rendered":"https:\/\/www.actualidadadiario.com\/?p=127311"},"modified":"2025-04-16T11:42:31","modified_gmt":"2025-04-16T14:42:31","slug":"karina-suma-poder-absorbe-la-secretaria-de-planeamiento-estrategico","status":"publish","type":"post","link":"https:\/\/www.actualidadadiario.com\/index.php\/2025\/04\/16\/karina-suma-poder-absorbe-la-secretaria-de-planeamiento-estrategico\/","title":{"rendered":"Karina suma poder, absorbe la Secretar\u00eda de Planeamiento Estrat\u00e9gico"},"content":{"rendered":"<p style=\"text-align: center;\"><em><strong>El \u00e1rea era gestionada hasta el momento por Mar\u00eda Ibarzabal Murphy. Sus funciones ser\u00e1n absorbidas por la Secretar\u00eda Legal y T\u00e9cnica<\/strong><\/em><\/p>\n<p>&nbsp;<\/p>\n<p>&nbsp;<\/p>\n<p>El gobierno de Javier Milei puso fin este mi\u00e9rcoles al funcionamiento de la Secretar\u00eda de Planeamiento Estrat\u00e9gico Normativo. La decisi\u00f3n se comunic\u00f3 a trav\u00e9s del Bolet\u00edn Oficial y se tom\u00f3 tras la reasignaci\u00f3n de su entonces titular, Mar\u00eda Ibarzabal Murphy.<\/p>\n<p>Por medio del Decreto 271\/2025 publicado en el Bolet\u00edn Oficial, el Ejecutivo aleg\u00f3 que \u201cresulta necesario suprimir el organismo\u201d tras la reasignaci\u00f3n de Ibarzabal Murphy, quien se desempe\u00f1aba desde abril de 2024. Hace tan solo unos d\u00edas, fue designada a la Secretar\u00eda de Legal y T\u00e9cnica.<\/p>\n<p>&nbsp;<\/p>\n<p><strong>Suprimieron la Secretar\u00eda de Planeamiento Estrat\u00e9gico<\/strong><\/p>\n<p>El nombramiento de Ibarzabal Murphy se dio luego de la renuncia de Javier Herrera Bravo, quien ocupaba el cargo desde comenzada la gesti\u00f3n libertaria afirm\u00f3 que su salida se deb\u00eda a problemas de salud.<\/p>\n<p>Las funciones del \u00e1rea suprimida ser\u00e1n absorbidas por el organismo que dirige actualmente Murphy: ambos, en conjunto, funcionaban para supervisar y elaborar los proyectos normativos prioritarios a ser sometidos a consideraci\u00f3n.<\/p>\n<p>Este cambio implica una reorganizaci\u00f3n en las tareas de apoyo al presidente Javier Milei, as\u00ed como tambi\u00e9n asumir los compromisos y obligaciones que quedaron en el tintero, junto con sus recursos humanos, financieros y materiales.<\/p>\n<p>As\u00ed, la Secretar\u00eda Legal y T\u00e9cnica tendr\u00e1 la responsabilidad de garantizar la coherencia y alineaci\u00f3n de las iniciativas legislativas y administrativas con los objetivos estrat\u00e9gicos del Gobierno.<\/p>\n<p>Tambi\u00e9n llevar\u00e1 adelante el dise\u00f1o de estrategias normativas en colaboraci\u00f3n con el mandatario nacional, definiendo las pautas necesarias para cumplir con los objetivos de gobierno establecidos.<\/p>\n<p>Dentro de los roles de la Secretar\u00eda suprimida, se destacaba la coordinaci\u00f3n de la planificaci\u00f3n estrat\u00e9gica de los proyectos de leyes y actos administrativos, en trabajo seguido con los distintos ministerios y \u00e1reas del Poder Ejecutivo Nacional.<\/p>\n<p>Tambi\u00e9n contaba con la responsabilidad de analizar y consolidar proyectos normativos que involucraran la elaboraci\u00f3n, reforma o modificaci\u00f3n de leyes y otros actos administrativos. Asesoraba al Presidente en los asuntos normativos prioritarios, con las decisiones estrat\u00e9gicas respaldadas por un marco legal adecuado.<\/p>\n<p>En su anterior rol, la letrada particip\u00f3 en el desarrollo de la \u201cLey Bases y Puntos de Partida para la Libertad de los Argentinos\u201d como tambi\u00e9n en la reforma electoral que incluy\u00f3 la eliminaci\u00f3n de las PASO y la reorganizaci\u00f3n del Gobierno y sus dependencias.<\/p>\n<p>&nbsp;<\/p>\n<p><strong>Tras los cambios en las carteras<\/strong><\/p>\n<p>Tras el nombramiento de Ibarzabal Murphy, designaron a Ignacio Mar\u00eda de la Riva como subsecretario de Asuntos Legales. \u00c9l ser\u00e1 el encargado de analizar el ajuste de los proyectos y anteproyectos de actos administrativos, tanto de la Administraci\u00f3n de Gobierno como institucionales, sometidos al Poder Ejecutivo Nacional y al jefe de Gabinete de Ministros.<\/p>\n<p>Tambi\u00e9n se ocupar\u00e1 de \u201cbrindar, a trav\u00e9s de la Direcci\u00f3n General de Asuntos Jur\u00eddicos, servicio jur\u00eddico a la Secretar\u00eda, a los organismos y dependencias de la Presidencia de la Naci\u00f3n que no cuenten con servicio espec\u00edfico propio\u201d.<\/p>\n<p>Le corresponder\u00e1 intervenir en la coordinaci\u00f3n con la Subsecretar\u00eda T\u00e9cnica, en el an\u00e1lisis de los proyectos de ley sancionados y \u201csustanciar, a trav\u00e9s de la Direcci\u00f3n de Sumarios, los sumarios administrativos\u201d.<\/p>\n<p>Adem\u00e1s, el Ejecutivo acept\u00f3 la renuncia de la funcionaria que se encontraba al frente, Mar\u00eda Victoria Marc\u00f3. De acuerdo a lo publicado por el Decreto 253\/2025, se le agradeci\u00f3 por \u201clos servicios prestados en el desempe\u00f1o de dicho cargo\u201d.<\/p>\n","protected":false},"excerpt":{"rendered":"<p>El \u00e1rea era gestionada hasta el momento por Mar\u00eda Ibarzabal Murphy. Sus funciones ser\u00e1n absorbidas por la Secretar\u00eda Legal y T\u00e9cnica &nbsp; &nbsp; El gobierno de Javier Milei puso fin este mi\u00e9rcoles al funcionamiento de la Secretar\u00eda de Planeamiento Estrat\u00e9gico Normativo. La decisi\u00f3n se comunic\u00f3 a trav\u00e9s del Bolet\u00edn Oficial y se tom\u00f3 tras la reasignaci\u00f3n de su entonces titular, Mar\u00eda Ibarzabal Murphy. Por medio del Decreto 271\/2025 publicado en el Bolet\u00edn Oficial, el Ejecutivo aleg\u00f3 que \u201cresulta necesario suprimir el organismo\u201d tras la reasignaci\u00f3n de Ibarzabal Murphy, quien se&#8230;<\/p>\n","protected":false},"author":3,"featured_media":125519,"comment_status":"closed","ping_status":"closed","sticky":false,"template":"","format":"standard","meta":[],"categories":[18],"tags":[],"_links":{"self":[{"href":"https:\/\/www.actualidadadiario.com\/index.php\/wp-json\/wp\/v2\/posts\/127311"}],"collection":[{"href":"https:\/\/www.actualidadadiario.com\/index.php\/wp-json\/wp\/v2\/posts"}],"about":[{"href":"https:\/\/www.actualidadadiario.com\/index.php\/wp-json\/wp\/v2\/types\/post"}],"author":[{"embeddable":true,"href":"https:\/\/www.actualidadadiario.com\/index.php\/wp-json\/wp\/v2\/users\/3"}],"replies":[{"embeddable":true,"href":"https:\/\/www.actualidadadiario.com\/index.php\/wp-json\/wp\/v2\/comments?post=127311"}],"version-history":[{"count":1,"href":"https:\/\/www.actualidadadiario.com\/index.php\/wp-json\/wp\/v2\/posts\/127311\/revisions"}],"predecessor-version":[{"id":127312,"href":"https:\/\/www.actualidadadiario.com\/index.php\/wp-json\/wp\/v2\/posts\/127311\/revisions\/127312"}],"wp:featuredmedia":[{"embeddable":true,"href":"https:\/\/www.actualidadadiario.com\/index.php\/wp-json\/wp\/v2\/media\/125519"}],"wp:attachment":[{"href":"https:\/\/www.actualidadadiario.com\/index.php\/wp-json\/wp\/v2\/media?parent=127311"}],"wp:term":[{"taxonomy":"category","embeddable":true,"href":"https:\/\/www.actualidadadiario.com\/index.php\/wp-json\/wp\/v2\/categories?post=127311"},{"taxonomy":"post_tag","embeddable":true,"href":"https:\/\/www.actualidadadiario.com\/index.php\/wp-json\/wp\/v2\/tags?post=127311"}],"curies":[{"name":"wp","href":"https:\/\/api.w.org\/{rel}","templated":true}]}}