{"id":127309,"date":"2025-04-16T11:38:58","date_gmt":"2025-04-16T14:38:58","guid":{"rendered":"https:\/\/www.actualidadadiario.com\/?p=127309"},"modified":"2025-04-16T11:38:58","modified_gmt":"2025-04-16T14:38:58","slug":"kueider-volvio-a-hablar-tras-su-detencion-en-paraguay-y-apunto-contra-el-kirchnerismo","status":"publish","type":"post","link":"https:\/\/www.actualidadadiario.com\/index.php\/2025\/04\/16\/kueider-volvio-a-hablar-tras-su-detencion-en-paraguay-y-apunto-contra-el-kirchnerismo\/","title":{"rendered":"Kueider volvi\u00f3 a hablar tras su detenci\u00f3n en Paraguay y apunt\u00f3 contra el kirchnerismo"},"content":{"rendered":"<p style=\"text-align: center;\"><em><strong>Apunt\u00f3 a que &#8220;todas las denuncias en la Justicia&#8221; contra \u00e9l &#8220;aparecieron despu\u00e9s de su voto en la Ley Bases&#8221;. Y agreg\u00f3 que &#8220;nada es cierto&#8221;<\/strong><\/em><\/p>\n<p>&nbsp;<\/p>\n<p>&nbsp;<\/p>\n<p>El exsenador Edgardo Kueider volvi\u00f3 a hablar tras el esc\u00e1ndalo por su detenci\u00f3n en Paraguay con m\u00e1s de u$s200.000 sin declarar. Se despeg\u00f3 de todas las acusaciones en su contra y agreg\u00f3 que la Justicia demostrar\u00e1 &#8220;que nada es cierto&#8221;.<\/p>\n<p>Edgardo Kueider se defendi\u00f3 tras su detenci\u00f3n en Paraguay con m\u00e1s de u$s200.000<\/p>\n<p>\u201cPor fuera de lo de Paraguay, todas las denuncias que surgieron en la Justicia y en los medios aparecieron despu\u00e9s de mi voto en la sesi\u00f3n por la Ley Bases\u201d, afirm\u00f3 el exlegislador en declaraciones radiales.<\/p>\n<p>En di\u00e1logo con Radio Mitre, ampli\u00f3: \u201cLa Justicia ya se encargar\u00e1 de demostrar que nada es cierto. Lo que pasa es que la Justicia est\u00e1 actuando de manera rara\u201d.<\/p>\n<p>&nbsp;<\/p>\n<p><strong>Para Kueider, se trata de &#8220;una maniobra del kirchnerismo\u201d<\/strong><\/p>\n<p>Se le consult\u00f3 si el dinero en su poder, al momento de ser detenido, eran retornos para votar a favor de la Ley Bases, a lo que Kueider respondi\u00f3: \u201cNo es plata negra, ni es plata de coimas\u201d.<\/p>\n<p>Seguidamente, dio sus razones para aprobar el paquete de medidas del Gobierno el a\u00f1o pasado. \u201cSi la Ley Bases no sal\u00eda, la centralidad la iba a tener el kirchnerismo. Por eso vot\u00e9 a favor. No hay otro motivo que la clara convicci\u00f3n de sostener a un gobierno elegido democr\u00e1ticamente\u201d, argument\u00f3.<\/p>\n<p>A\u00fan con domiciliaria en Paraguay, fue expulsado del Senado tras la apertura de una causa por contrabando de divisas y afirm\u00f3 que \u201ctodo fue una maniobra del kirchnerismo\u201d.<\/p>\n<p>\u201cNo siento que nadie me haya soltado la mano porque no hay nada il\u00edcito y todo va a salir a la luz\u201d, finaliz\u00f3.<\/p>\n","protected":false},"excerpt":{"rendered":"<p>Apunt\u00f3 a que &#8220;todas las denuncias en la Justicia&#8221; contra \u00e9l &#8220;aparecieron despu\u00e9s de su voto en la Ley Bases&#8221;. Y agreg\u00f3 que &#8220;nada es cierto&#8221; &nbsp; &nbsp; El exsenador Edgardo Kueider volvi\u00f3 a hablar tras el esc\u00e1ndalo por su detenci\u00f3n en Paraguay con m\u00e1s de u$s200.000 sin declarar. Se despeg\u00f3 de todas las acusaciones en su contra y agreg\u00f3 que la Justicia demostrar\u00e1 &#8220;que nada es cierto&#8221;. Edgardo Kueider se defendi\u00f3 tras su detenci\u00f3n en Paraguay con m\u00e1s de u$s200.000 \u201cPor fuera de lo de Paraguay, todas las denuncias&#8230;<\/p>\n","protected":false},"author":3,"featured_media":126782,"comment_status":"closed","ping_status":"closed","sticky":false,"template":"","format":"standard","meta":[],"categories":[15],"tags":[],"_links":{"self":[{"href":"https:\/\/www.actualidadadiario.com\/index.php\/wp-json\/wp\/v2\/posts\/127309"}],"collection":[{"href":"https:\/\/www.actualidadadiario.com\/index.php\/wp-json\/wp\/v2\/posts"}],"about":[{"href":"https:\/\/www.actualidadadiario.com\/index.php\/wp-json\/wp\/v2\/types\/post"}],"author":[{"embeddable":true,"href":"https:\/\/www.actualidadadiario.com\/index.php\/wp-json\/wp\/v2\/users\/3"}],"replies":[{"embeddable":true,"href":"https:\/\/www.actualidadadiario.com\/index.php\/wp-json\/wp\/v2\/comments?post=127309"}],"version-history":[{"count":1,"href":"https:\/\/www.actualidadadiario.com\/index.php\/wp-json\/wp\/v2\/posts\/127309\/revisions"}],"predecessor-version":[{"id":127310,"href":"https:\/\/www.actualidadadiario.com\/index.php\/wp-json\/wp\/v2\/posts\/127309\/revisions\/127310"}],"wp:featuredmedia":[{"embeddable":true,"href":"https:\/\/www.actualidadadiario.com\/index.php\/wp-json\/wp\/v2\/media\/126782"}],"wp:attachment":[{"href":"https:\/\/www.actualidadadiario.com\/index.php\/wp-json\/wp\/v2\/media?parent=127309"}],"wp:term":[{"taxonomy":"category","embeddable":true,"href":"https:\/\/www.actualidadadiario.com\/index.php\/wp-json\/wp\/v2\/categories?post=127309"},{"taxonomy":"post_tag","embeddable":true,"href":"https:\/\/www.actualidadadiario.com\/index.php\/wp-json\/wp\/v2\/tags?post=127309"}],"curies":[{"name":"wp","href":"https:\/\/api.w.org\/{rel}","templated":true}]}}