{"id":127303,"date":"2025-04-16T11:34:44","date_gmt":"2025-04-16T14:34:44","guid":{"rendered":"https:\/\/www.actualidadadiario.com\/?p=127303"},"modified":"2025-04-16T11:34:44","modified_gmt":"2025-04-16T14:34:44","slug":"criptogate-martin-menem-firmo-la-resolucion-de-la-comision-investigadora-y-se-avecina-una-batalla","status":"publish","type":"post","link":"https:\/\/www.actualidadadiario.com\/index.php\/2025\/04\/16\/criptogate-martin-menem-firmo-la-resolucion-de-la-comision-investigadora-y-se-avecina-una-batalla\/","title":{"rendered":"Criptogate: Mart\u00edn Menem firm\u00f3 la resoluci\u00f3n de la comisi\u00f3n investigadora y se avecina una batalla"},"content":{"rendered":"<p style=\"text-align: center;\"><em><strong>Tendr\u00e1 una paridad de fuerzas total entre el oficialismo y la oposici\u00f3n. En la reuni\u00f3n constitutiva, prevista para el mi\u00e9rcoles 23 de abril, deber\u00e1 definirse qui\u00e9n ocupar\u00e1 la presidencia del cuerpo<\/strong><\/em><\/p>\n<p>&nbsp;<\/p>\n<p>&nbsp;<\/p>\n<p>Luego de varios movimientos especulativos de los bloques e interbloques para tener una cuota mayor de representaci\u00f3n en la comisi\u00f3n investigadora por el criptoesc\u00e1ndalo $LIBRA, el presidente de la C\u00e1mara de Diputados Mart\u00edn Menem, firm\u00f3 la resoluci\u00f3n que oficializ\u00f3 a sus 28 integrantes, con una paridad de fuerzas total entre el oficialismo y la oposici\u00f3n.<\/p>\n<p>Los espacios opositores contar\u00e1n con 14 representantes, sumando a siete de Uni\u00f3n por la Patria, dos de Encuentro Federal, dos de Democracia para Siempre, dos de la Coalici\u00f3n C\u00edvica y uno del Frente de Izquierda.<\/p>\n<p>En tanto, el oficialismo y sus aliados llegan a la misma cifra al adicionar a cuatro del interbloque de La Libertad Avanza, otros cuatro del flamante interbloque que form\u00f3 el PRO con el MID, dos de la UCR, dos de Innovaci\u00f3n Federal y dos de Liga del Interior, la nueva bancada de radicales \u201cpelucas\u201d.<\/p>\n<p>En la reuni\u00f3n constitutiva, prevista para el mi\u00e9rcoles 23 de abril, deber\u00e1 definirse qui\u00e9n ocupar\u00e1 la presidencia del cuerpo, en lo que se anticipa como una guerra sin cuartel.<\/p>\n<p>La oposici\u00f3n reclama para s\u00ed la presidencia del cuerpo, pero el empate en 14 por cada bando lleva a un camino indefinido, y amenaza con paralizar la comisi\u00f3n investigadora.<\/p>\n<p>La presidencia del \u00f3rgano es clave porque desde ese lugar es que se convoca a cada una de las reuniones informativas y se valida el qu\u00f3rum.<\/p>\n<p>Una salida por encima del laberinto podr\u00eda ser la de otorgarle la presidencia a alg\u00fan diputado de la oposici\u00f3n dialoguista y no a Uni\u00f3n por la Patria, que intentar\u00e1 hacer valer su condici\u00f3n de fuerza m\u00e1s numerosa de la C\u00e1mara baja.<\/p>\n<p>M\u00e1s all\u00e1 de a qui\u00e9n le toque ejercer la presidencia, el oficialismo y sus aliados podr\u00e1n vaciar las reuniones del cuerpo para despu\u00e9s argumentar que la oposici\u00f3n no consigui\u00f3 el qu\u00f3rum de la mitad m\u00e1s uno de los integrantes de la comisi\u00f3n para sesionar de forma v\u00e1lida.<\/p>\n<p>&nbsp;<\/p>\n<p><strong>Los 28 integrantes<\/strong><\/p>\n<p>Por la oposici\u00f3n, a Uni\u00f3n por la Patria le corresponden seis lugares y llegar\u00e1 a siete sumando a Julia Strada de la nueva bancada Nacional y Popular que se integr\u00f3 al interbloque del Frente de Izquierda en el marco de una maniobra especulativa para tener un representante adicional.<\/p>\n<p>M\u00e1s all\u00e1 de Strada, los seis diputados de Uni\u00f3n por la Patria que integrar\u00e1n la comisi\u00f3n investigadora son Pablo Carro, Juan Marino, Rodolfo Tailhade, Sabrina Selva, Itai Hagman y Carolina Gaillard.<\/p>\n<p>A ellos se sumar\u00e1n Nicol\u00e1s Massot y Oscar Agost Carre\u00f1o de Encuentro Federal, Danya Tavela y Fernando Carbajal de Democracia para Siempre, Christian \u201cChipi\u201d Castillo del FIT, y Maximiliano Ferraro y M\u00f3nica Frade de la Coalici\u00f3n C\u00edvica.<\/p>\n<p>En el bando oficialista estar\u00e1n Gabriel Bornoroni, Nadia M\u00e1rquez, Nicol\u00e1s Mayoraz y la diputada monobloquista Paula Omodeo (CREO), quien acept\u00f3 sumarse al interbloque de La Libertad Avanza a cambio de un lugar en la comisi\u00f3n investigadora.<\/p>\n<p>El PRO estar\u00e1 representado por su jefe de bancada, Cristian Ritondo, Silvana Giudici y Mart\u00edn Maquieyra, y el cuarto integrante por el nuevo interbloque ser\u00e1 Oscar Zago del MID.<\/p>\n<p>La UCR nombr\u00f3 a Soledad Carrizo y Lisandro Nieri para ser parte de la discusi\u00f3n $LIBRA, mientras que \u201cLiga del Interior\u201d, el bloque de radicalismo \u201cpeluca\u201d, tambi\u00e9n tendr\u00e1 dos miembros: Pablo Cervi y Francisco Monti.<\/p>\n<p>Por \u00faltimo, Innovaci\u00f3n Federal estar\u00e1 presente en la comisi\u00f3n a trav\u00e9s de la salte\u00f1a Yolanda Vega y el rionegrino Agust\u00edn Domingo.<\/p>\n","protected":false},"excerpt":{"rendered":"<p>Tendr\u00e1 una paridad de fuerzas total entre el oficialismo y la oposici\u00f3n. En la reuni\u00f3n constitutiva, prevista para el mi\u00e9rcoles 23 de abril, deber\u00e1 definirse qui\u00e9n ocupar\u00e1 la presidencia del cuerpo &nbsp; &nbsp; Luego de varios movimientos especulativos de los bloques e interbloques para tener una cuota mayor de representaci\u00f3n en la comisi\u00f3n investigadora por el criptoesc\u00e1ndalo $LIBRA, el presidente de la C\u00e1mara de Diputados Mart\u00edn Menem, firm\u00f3 la resoluci\u00f3n que oficializ\u00f3 a sus 28 integrantes, con una paridad de fuerzas total entre el oficialismo y la oposici\u00f3n. Los espacios&#8230;<\/p>\n","protected":false},"author":3,"featured_media":127265,"comment_status":"closed","ping_status":"closed","sticky":false,"template":"","format":"standard","meta":[],"categories":[18],"tags":[],"_links":{"self":[{"href":"https:\/\/www.actualidadadiario.com\/index.php\/wp-json\/wp\/v2\/posts\/127303"}],"collection":[{"href":"https:\/\/www.actualidadadiario.com\/index.php\/wp-json\/wp\/v2\/posts"}],"about":[{"href":"https:\/\/www.actualidadadiario.com\/index.php\/wp-json\/wp\/v2\/types\/post"}],"author":[{"embeddable":true,"href":"https:\/\/www.actualidadadiario.com\/index.php\/wp-json\/wp\/v2\/users\/3"}],"replies":[{"embeddable":true,"href":"https:\/\/www.actualidadadiario.com\/index.php\/wp-json\/wp\/v2\/comments?post=127303"}],"version-history":[{"count":1,"href":"https:\/\/www.actualidadadiario.com\/index.php\/wp-json\/wp\/v2\/posts\/127303\/revisions"}],"predecessor-version":[{"id":127304,"href":"https:\/\/www.actualidadadiario.com\/index.php\/wp-json\/wp\/v2\/posts\/127303\/revisions\/127304"}],"wp:featuredmedia":[{"embeddable":true,"href":"https:\/\/www.actualidadadiario.com\/index.php\/wp-json\/wp\/v2\/media\/127265"}],"wp:attachment":[{"href":"https:\/\/www.actualidadadiario.com\/index.php\/wp-json\/wp\/v2\/media?parent=127303"}],"wp:term":[{"taxonomy":"category","embeddable":true,"href":"https:\/\/www.actualidadadiario.com\/index.php\/wp-json\/wp\/v2\/categories?post=127303"},{"taxonomy":"post_tag","embeddable":true,"href":"https:\/\/www.actualidadadiario.com\/index.php\/wp-json\/wp\/v2\/tags?post=127303"}],"curies":[{"name":"wp","href":"https:\/\/api.w.org\/{rel}","templated":true}]}}